{"id":574,"date":"2020-02-28T12:06:06","date_gmt":"2019-01-28T09:52:11","guid":{"rendered":"https:\/\/amalia-film.de\/news-item-3-2-2\/"},"modified":"2020-09-17T09:27:11","modified_gmt":"2020-09-17T09:27:11","slug":"news-item-6","status":"publish","type":"post","link":"https:\/\/amalia-film.de\/en\/news-item-6\/","title":{"rendered":"OKTOBERFEST 1900 &#8211; Drehstart"},"content":{"rendered":"","protected":false},"excerpt":{"rendered":"","protected":false},"author":1,"featured_media":577,"comment_status":"closed","ping_status":"closed","sticky":false,"template":"","format":"standard","meta":[],"categories":[8],"tags":[],"class_list":["post-574","post","type-post","status-publish","has-post-thumbnail","hentry","category-news-archiv"],"grid":"{\r\n  \"colCount\": 19,\r\n  \"colGutter\": 1,\r\n  \"rowGutters\": [\r\n    0,\r\n    0\r\n  ],\r\n  \"frameMargin\": 5,\r\n  \"topFrameMargin\": 5,\r\n  \"bottomFrameMargin\": 5,\r\n  \"rowAttrs\": [\r\n    {},\r\n    {},\r\n    {}\r\n  ],\r\n  \"bgColor\": null,\r\n  \"cont\": [\r\n    {\r\n      \"type\": \"text\",\r\n      \"cont\": \"<h1 class=\\\"_News_Thumb_HL\\\" style=\\\"text-align: right;\\\"><a href=\\\"https:\/\/amalia-film.de\/en\/category\/news\/news-archiv\\\">&lt; News Archive<\/a><\/h1>\",\r\n      \"align\": \"top\",\r\n      \"row\": 0,\r\n      \"col\": 5,\r\n      \"colspan\": 9,\r\n      \"offsetx\": 0,\r\n      \"offsety\": 0,\r\n      \"spaceabove\": 3,\r\n      \"spacebelow\": 0,\r\n      \"yvel\": 1,\r\n      \"push\": 5,\r\n      \"relid\": 210,\r\n      \"frameOverflow\": \"\"\r\n    },\r\n    {\r\n      \"type\": \"img\",\r\n      \"cont\": \"\/wp-content\/uploads\/2020\/02\/Oktoberfest-PS-3-Beitrag_Galerie.png\",\r\n      \"align\": \"middle\",\r\n      \"row\": 1,\r\n      \"col\": 5,\r\n      \"colspan\": 9,\r\n      \"offsetx\": 0,\r\n      \"offsety\": 0,\r\n      \"spaceabove\": 3,\r\n      \"spacebelow\": 0,\r\n      \"yvel\": 1,\r\n      \"push\": 5,\r\n      \"relid\": 1302,\r\n      \"attid\": 576,\r\n      \"sizes\": {\r\n        \"full\": \"\/wp-content\/uploads\/2020\/02\/Oktoberfest-PS-3-Beitrag_Galerie.png\",\r\n        \"_1024\": \"\/wp-content\/uploads\/2020\/02\/Oktoberfest-PS-3-Beitrag_Galerie-1024x512.png\",\r\n        \"_768\": \"\/wp-content\/uploads\/2020\/02\/Oktoberfest-PS-3-Beitrag_Galerie-768x384.png\",\r\n        \"_512\": \"\/wp-content\/uploads\/2020\/02\/Oktoberfest-PS-3-Beitrag_Galerie-512x256.png\",\r\n        \"_265\": \"\/wp-content\/uploads\/2020\/02\/Oktoberfest-PS-3-Beitrag_Galerie-265x133.png\"\r\n      },\r\n      \"w\": 1080,\r\n      \"h\": 540,\r\n      \"ar\": 0.5,\r\n      \"alt\": \"\",\r\n      \"frameOverflow\": \"\"\r\n    },\r\n    {\r\n      \"type\": \"text\",\r\n      \"cont\": \"<h1 class=\\\"_Section\\\"><strong>\\\"OKTOBERFEST 1900\\\" <br \/>Drehstart<\/strong><\/h1><p>Der erbitterte Kampf zweier Brauerei-Clans um gesellschaftliche und wirtschaftliche Vormachtstellung im M\u00fcnchen des Jahres 1900 stehen im Mittelpunkt der sechsteiligen, historischen Eventserie \\\"Oktoberfest \u2013 1900\\\" , die unser Produzent Felix von Poser gemeinsam mit der ausf\u00fchrenden Produktionsfirma Zeitsprung Pictures, sowie mit Violet Pictures, dem BR, der ARD Degeto, dem WDR und dem MDR produziert.<\/p><p>Die Dreharbeiten haben im Mai in Prag begonnen. Vor der Kamera stehen \u2013 neben vielen anderen \u2013 Mi\u0161el Mati\u010devi\u0107, Martina Gedeck, Maximilian Br\u00fcckner, Klaus Steinbacher, Mercedes M\u00fcller, Brigitte Hobmeier und Francis Fulton-Smith. Gedreht wird voraussichtlich noch bis Mitte August in Tschechien, Bayern und NRW.<\/p><p>Gezeigt wird die Serie 2020 im Ersten.<\/p>\",\r\n      \"align\": \"middle\",\r\n      \"row\": 2,\r\n      \"col\": 5,\r\n      \"colspan\": 9,\r\n      \"offsetx\": 0,\r\n      \"offsety\": 0,\r\n      \"spaceabove\": 3,\r\n      \"spacebelow\": 5,\r\n      \"yvel\": 1,\r\n      \"push\": 5,\r\n      \"relid\": 4,\r\n      \"frameOverflow\": \"\"\r\n    }\r\n  ]\r\n}","phonegrid":"{\r\n  \"colCount\": 12,\r\n  \"colGutter\": 1,\r\n  \"rowGutters\": [\r\n    0,\r\n    0\r\n  ],\r\n  \"frameMargin\": 5,\r\n  \"topFrameMargin\": 5,\r\n  \"bottomFrameMargin\": 5,\r\n  \"rowAttrs\": [\r\n    [],\r\n    [],\r\n    []\r\n  ],\r\n  \"bgColor\": null,\r\n  \"cont\": [\r\n    {\r\n      \"type\": \"text\",\r\n      \"cont\": \"<h1 class=\\\"_News_Thumb_HL\\\" style=\\\"text-align: right;\\\"><a href=\\\"https:\/\/amalia-film.de\/en\/category\/news\/news-archiv\\\">&lt; News Archive<\/a><\/h1>\",\r\n      \"align\": \"bottom\",\r\n      \"row\": 0,\r\n      \"col\": 0,\r\n      \"colspan\": 12,\r\n      \"offsetx\": 0,\r\n      \"offsety\": 0,\r\n      \"spaceabove\": 15,\r\n      \"spacebelow\": 0,\r\n      \"yvel\": 1,\r\n      \"push\": 0,\r\n      \"relid\": 210,\r\n      \"frameOverflow\": \"\"\r\n    },\r\n    {\r\n      \"type\": \"img\",\r\n      \"cont\": \"\/wp-content\/uploads\/2020\/02\/Oktoberfest-PS-3-Beitrag_Galerie.png\",\r\n      \"align\": \"top\",\r\n      \"row\": 1,\r\n      \"col\": 0,\r\n      \"colspan\": 12,\r\n      \"offsetx\": 0,\r\n      \"offsety\": 0,\r\n      \"spaceabove\": 10,\r\n      \"spacebelow\": 0,\r\n      \"yvel\": 1,\r\n      \"push\": 0,\r\n      \"relid\": 2287,\r\n      \"attid\": 576,\r\n      \"sizes\": {\r\n        \"full\": \"\/wp-content\/uploads\/2020\/02\/Oktoberfest-PS-3-Beitrag_Galerie.png\",\r\n        \"_1024\": \"\/wp-content\/uploads\/2020\/02\/Oktoberfest-PS-3-Beitrag_Galerie-1024x512.png\",\r\n        \"_768\": \"\/wp-content\/uploads\/2020\/02\/Oktoberfest-PS-3-Beitrag_Galerie-768x384.png\",\r\n        \"_512\": \"\/wp-content\/uploads\/2020\/02\/Oktoberfest-PS-3-Beitrag_Galerie-512x256.png\",\r\n        \"_265\": \"\/wp-content\/uploads\/2020\/02\/Oktoberfest-PS-3-Beitrag_Galerie-265x133.png\"\r\n      },\r\n      \"w\": 1080,\r\n      \"h\": 540,\r\n      \"ar\": 0.5,\r\n      \"alt\": \"\"\r\n    },\r\n    {\r\n      \"type\": \"text\",\r\n      \"cont\": \"<h1 class=\\\"_Section\\\"><strong>\\\"OKTOBERFEST 1900\\\" <br \/>Drehstart<\/strong><\/h1><p>Der erbitterte Kampf zweier Brauerei-Clans um gesellschaftliche und wirtschaftliche Vormachtstellung im M\u00fcnchen des Jahres 1900 stehen im Mittelpunkt der sechsteiligen, historischen Eventserie \\\"Oktoberfest \u2013 1900\\\" , die unser Produzent Felix von Poser gemeinsam mit der ausf\u00fchrenden Produktionsfirma Zeitsprung Pictures, sowie mit Violet Pictures, dem BR, der ARD Degeto, dem WDR und dem MDR produziert.<\/p><p>Die Dreharbeiten haben im Mai in Prag begonnen. Vor der Kamera stehen \u2013 neben vielen anderen \u2013 Mi\u0161el Mati\u010devi\u0107, Martina Gedeck, Maximilian Br\u00fcckner, Klaus Steinbacher, Mercedes M\u00fcller, Brigitte Hobmeier und Francis Fulton-Smith. Gedreht wird voraussichtlich noch bis Mitte August in Tschechien, Bayern und NRW.<\/p><p>Gezeigt wird die Serie 2020 im Ersten.<\/p>\",\r\n      \"align\": \"bottom\",\r\n      \"row\": 2,\r\n      \"col\": 0,\r\n      \"colspan\": 12,\r\n      \"offsetx\": 0,\r\n      \"offsety\": 0,\r\n      \"spaceabove\": 10,\r\n      \"spacebelow\": 5,\r\n      \"yvel\": 1,\r\n      \"push\": 0,\r\n      \"relid\": 4,\r\n      \"frameOverflow\": \"\"\r\n    }\r\n  ]\r\n}","_links":{"self":[{"href":"https:\/\/amalia-film.de\/en\/wp-json\/wp\/v2\/posts\/574","targetHints":{"allow":["GET"]}}],"collection":[{"href":"https:\/\/amalia-film.de\/en\/wp-json\/wp\/v2\/posts"}],"about":[{"href":"https:\/\/amalia-film.de\/en\/wp-json\/wp\/v2\/types\/post"}],"author":[{"embeddable":true,"href":"https:\/\/amalia-film.de\/en\/wp-json\/wp\/v2\/users\/1"}],"replies":[{"embeddable":true,"href":"https:\/\/amalia-film.de\/en\/wp-json\/wp\/v2\/comments?post=574"}],"version-history":[{"count":0,"href":"https:\/\/amalia-film.de\/en\/wp-json\/wp\/v2\/posts\/574\/revisions"}],"wp:featuredmedia":[{"embeddable":true,"href":"https:\/\/amalia-film.de\/en\/wp-json\/wp\/v2\/media\/577"}],"wp:attachment":[{"href":"https:\/\/amalia-film.de\/en\/wp-json\/wp\/v2\/media?parent=574"}],"wp:term":[{"taxonomy":"category","embeddable":true,"href":"https:\/\/amalia-film.de\/en\/wp-json\/wp\/v2\/categories?post=574"},{"taxonomy":"post_tag","embeddable":true,"href":"https:\/\/amalia-film.de\/en\/wp-json\/wp\/v2\/tags?post=574"}],"curies":[{"name":"wp","href":"https:\/\/api.w.org\/{rel}","templated":true}]}}