{"id":603,"date":"2020-06-29T16:29:02","date_gmt":"2019-01-28T09:52:11","guid":{"rendered":"https:\/\/amalia-film.de\/news-item-3-3-2-2\/"},"modified":"2021-05-28T12:41:58","modified_gmt":"2021-05-28T12:41:58","slug":"news-item-12","status":"publish","type":"post","link":"https:\/\/amalia-film.de\/en\/news-item-12\/","title":{"rendered":"20 Jahre FilmDeb\u00fct im Ersten"},"content":{"rendered":"","protected":false},"excerpt":{"rendered":"","protected":false},"author":1,"featured_media":335,"comment_status":"closed","ping_status":"closed","sticky":false,"template":"","format":"standard","meta":[],"categories":[8],"tags":[],"class_list":["post-603","post","type-post","status-publish","has-post-thumbnail","hentry","category-news-archiv"],"grid":"{\r\n  \"colCount\": 19,\r\n  \"colGutter\": 1,\r\n  \"rowGutters\": [\r\n    0,\r\n    0\r\n  ],\r\n  \"frameMargin\": 5,\r\n  \"topFrameMargin\": 5,\r\n  \"bottomFrameMargin\": 5,\r\n  \"rowAttrs\": [\r\n    {},\r\n    {},\r\n    {}\r\n  ],\r\n  \"bgColor\": null,\r\n  \"cont\": [\r\n    {\r\n      \"type\": \"text\",\r\n      \"cont\": \"<h1 class=\\\"_News_Thumb_HL\\\" style=\\\"text-align: right;\\\"><a href=\\\"https:\/\/amalia-film.de\/en\/category\/news\/news-archiv\\\">&lt; News Archive<\/a><\/h1>\",\r\n      \"align\": \"top\",\r\n      \"row\": 0,\r\n      \"col\": 5,\r\n      \"colspan\": 9,\r\n      \"offsetx\": 0,\r\n      \"offsety\": 0,\r\n      \"spaceabove\": 3,\r\n      \"spacebelow\": 0,\r\n      \"yvel\": 1,\r\n      \"push\": 5,\r\n      \"relid\": 210,\r\n      \"frameOverflow\": \"\"\r\n    },\r\n    {\r\n      \"type\": \"img\",\r\n      \"cont\": \"\/wp-content\/uploads\/2019\/08\/AML_190807-ILA-THMB.jpg\",\r\n      \"align\": \"bottom\",\r\n      \"row\": 1,\r\n      \"col\": 5,\r\n      \"colspan\": 9,\r\n      \"offsetx\": 0,\r\n      \"offsety\": 0,\r\n      \"spaceabove\": 3,\r\n      \"spacebelow\": 0,\r\n      \"yvel\": 1,\r\n      \"push\": 5,\r\n      \"relid\": 154,\r\n      \"attid\": 500,\r\n      \"sizes\": {\r\n        \"full\": \"\/wp-content\/uploads\/2019\/08\/AML_190807-ILA-THMB.jpg\",\r\n        \"_512\": \"\/wp-content\/uploads\/2019\/08\/AML_190807-ILA-THMB-512x219.jpg\",\r\n        \"_265\": \"\/wp-content\/uploads\/2019\/08\/AML_190807-ILA-THMB-265x114.jpg\"\r\n      },\r\n      \"ar\": 0.42857142857142855,\r\n      \"alt\": \"\",\r\n      \"w\": 700,\r\n      \"h\": 300\r\n    },\r\n    {\r\n      \"type\": \"text\",\r\n      \"cont\": \"<h1 class=\\\"_HL_1\\\">20 Jahre FilmDeb\u00fct im Ersten<\/h1><p>Seit nunmehr 20 Jahren zeigt Das Erste unter der Dachmarke \u00abFilmDeb\u00fct im Ersten\u00bb Filme junger Regie- und Drehbuchtalente \u2013 mit dem Ziel, ihre Deb\u00fctwerke einem breiten Publikum vorzustellen. Unsere Sommerkom\u00f6die ICH LIEBE ALLES WAS ICH AN DIR HASSE von Nadine Keil geh\u00f6rt in diesem Jahr zu den zw\u00f6lf Filmen bemerkenswerter, junger Talente. Sendetermin ist in der Nacht von Dienstag, den 15. September auf Mittwoch, den 16. September um 00:40 Uhr.<\/p><p><a href=\\\"http:\/\/www.quotenmeter.de\/cms\/?p1=n&amp;p2=118965&amp;p3=&amp;qry=&amp;mobile=off\\\" target=\\\"_blank\\\" rel=\\\"noopener\\\">Hier ein ausf\u00fchrlicher Bericht zum diesj\u00e4hrigen Programm.<\/a><\/p>\",\r\n      \"align\": \"middle\",\r\n      \"row\": 2,\r\n      \"col\": 5,\r\n      \"colspan\": 9,\r\n      \"offsetx\": 0,\r\n      \"offsety\": 0,\r\n      \"spaceabove\": 3,\r\n      \"spacebelow\": 5,\r\n      \"yvel\": 1,\r\n      \"push\": 5,\r\n      \"relid\": 4,\r\n      \"frameOverflow\": \"\"\r\n    }\r\n  ]\r\n}","phonegrid":"{\r\n  \"colCount\": 12,\r\n  \"colGutter\": 1,\r\n  \"rowGutters\": [\r\n    0,\r\n    0\r\n  ],\r\n  \"frameMargin\": 5,\r\n  \"topFrameMargin\": 5,\r\n  \"bottomFrameMargin\": 5,\r\n  \"rowAttrs\": [\r\n    [],\r\n    [],\r\n    []\r\n  ],\r\n  \"bgColor\": null,\r\n  \"cont\": [\r\n    {\r\n      \"type\": \"text\",\r\n      \"cont\": \"<h1 class=\\\"_News_Thumb_HL\\\" style=\\\"text-align: right;\\\"><a href=\\\"https:\/\/amalia-film.de\/en\/category\/news\/news-archiv\\\">&lt; News Archive<\/a><\/h1>\",\r\n      \"align\": \"bottom\",\r\n      \"row\": 0,\r\n      \"col\": 0,\r\n      \"colspan\": 12,\r\n      \"offsetx\": 0,\r\n      \"offsety\": 0,\r\n      \"spaceabove\": 15,\r\n      \"spacebelow\": 0,\r\n      \"yvel\": 1,\r\n      \"push\": 0,\r\n      \"relid\": 210,\r\n      \"frameOverflow\": \"\"\r\n    },\r\n    {\r\n      \"type\": \"img\",\r\n      \"cont\": \"\/wp-content\/uploads\/2019\/08\/AML_190807-ILA-THMB.jpg\",\r\n      \"align\": \"middle\",\r\n      \"row\": 1,\r\n      \"col\": 0,\r\n      \"colspan\": 12,\r\n      \"offsetx\": 0,\r\n      \"offsety\": 0,\r\n      \"spaceabove\": 10,\r\n      \"spacebelow\": 0,\r\n      \"yvel\": 1,\r\n      \"push\": 0,\r\n      \"relid\": 154,\r\n      \"attid\": 500,\r\n      \"sizes\": {\r\n        \"full\": \"\/wp-content\/uploads\/2019\/08\/AML_190807-ILA-THMB.jpg\",\r\n        \"_512\": \"\/wp-content\/uploads\/2019\/08\/AML_190807-ILA-THMB-512x219.jpg\",\r\n        \"_265\": \"\/wp-content\/uploads\/2019\/08\/AML_190807-ILA-THMB-265x114.jpg\"\r\n      },\r\n      \"ar\": 0.42857142857142855,\r\n      \"alt\": \"\",\r\n      \"w\": 700,\r\n      \"h\": 300,\r\n      \"frameOverflow\": \"\"\r\n    },\r\n    {\r\n      \"type\": \"text\",\r\n      \"cont\": \"<h1 class=\\\"_HL_1\\\">20 Jahre FilmDeb\u00fct im Ersten<\/h1><p>Seit nunmehr 20 Jahren zeigt Das Erste unter der Dachmarke \u00abFilmDeb\u00fct im Ersten\u00bb Filme junger Regie- und Drehbuchtalente \u2013 mit dem Ziel, ihre Deb\u00fctwerke einem breiten Publikum vorzustellen. Unsere Sommerkom\u00f6die ICH LIEBE ALLES WAS ICH AN DIR HASSE von Nadine Keil geh\u00f6rt in diesem Jahr zu den zw\u00f6lf Filmen bemerkenswerter, junger Talente. Sendetermin ist in der Nacht von Dienstag, den 15. September auf Mittwoch, den 16. September um 00:40 Uhr.<\/p><p><a href=\\\"http:\/\/www.quotenmeter.de\/cms\/?p1=n&amp;p2=118965&amp;p3=&amp;qry=&amp;mobile=off\\\" target=\\\"_blank\\\" rel=\\\"noopener\\\">Hier ein ausf\u00fchrlicher Bericht zum diesj\u00e4hrigen Programm.<\/a><\/p>\",\r\n      \"align\": \"bottom\",\r\n      \"row\": 2,\r\n      \"col\": 0,\r\n      \"colspan\": 12,\r\n      \"offsetx\": 0,\r\n      \"offsety\": 0,\r\n      \"spaceabove\": 10,\r\n      \"spacebelow\": 5,\r\n      \"yvel\": 1,\r\n      \"push\": 0,\r\n      \"relid\": 4,\r\n      \"frameOverflow\": \"\"\r\n    }\r\n  ]\r\n}","_links":{"self":[{"href":"https:\/\/amalia-film.de\/en\/wp-json\/wp\/v2\/posts\/603","targetHints":{"allow":["GET"]}}],"collection":[{"href":"https:\/\/amalia-film.de\/en\/wp-json\/wp\/v2\/posts"}],"about":[{"href":"https:\/\/amalia-film.de\/en\/wp-json\/wp\/v2\/types\/post"}],"author":[{"embeddable":true,"href":"https:\/\/amalia-film.de\/en\/wp-json\/wp\/v2\/users\/1"}],"replies":[{"embeddable":true,"href":"https:\/\/amalia-film.de\/en\/wp-json\/wp\/v2\/comments?post=603"}],"version-history":[{"count":0,"href":"https:\/\/amalia-film.de\/en\/wp-json\/wp\/v2\/posts\/603\/revisions"}],"wp:featuredmedia":[{"embeddable":true,"href":"https:\/\/amalia-film.de\/en\/wp-json\/wp\/v2\/media\/335"}],"wp:attachment":[{"href":"https:\/\/amalia-film.de\/en\/wp-json\/wp\/v2\/media?parent=603"}],"wp:term":[{"taxonomy":"category","embeddable":true,"href":"https:\/\/amalia-film.de\/en\/wp-json\/wp\/v2\/categories?post=603"},{"taxonomy":"post_tag","embeddable":true,"href":"https:\/\/amalia-film.de\/en\/wp-json\/wp\/v2\/tags?post=603"}],"curies":[{"name":"wp","href":"https:\/\/api.w.org\/{rel}","templated":true}]}}