{"id":604,"date":"2020-06-30T14:01:09","date_gmt":"2019-01-28T09:52:11","guid":{"rendered":"https:\/\/amalia-film.de\/news-item-3-3-2-2-2\/"},"modified":"2023-05-12T11:52:36","modified_gmt":"2023-05-12T11:52:36","slug":"news-item-13","status":"publish","type":"post","link":"https:\/\/amalia-film.de\/en\/news-item-13\/","title":{"rendered":"FFF Bayern f\u00f6rdert 3 \u00bd Stunden"},"content":{"rendered":"","protected":false},"excerpt":{"rendered":"","protected":false},"author":1,"featured_media":606,"comment_status":"closed","ping_status":"closed","sticky":false,"template":"","format":"standard","meta":[],"categories":[8],"tags":[],"class_list":["post-604","post","type-post","status-publish","has-post-thumbnail","hentry","category-news-archiv"],"grid":"{\r\n  \"colCount\": 19,\r\n  \"colGutter\": 1,\r\n  \"rowGutters\": [\r\n    0,\r\n    0\r\n  ],\r\n  \"frameMargin\": 5,\r\n  \"topFrameMargin\": 5,\r\n  \"bottomFrameMargin\": 5,\r\n  \"rowAttrs\": [\r\n    {\r\n      \"relid\": 5\r\n    },\r\n    {\r\n      \"relid\": 6\r\n    },\r\n    {\r\n      \"relid\": 7\r\n    }\r\n  ],\r\n  \"bgColor\": null,\r\n  \"cont\": [\r\n    {\r\n      \"type\": \"text\",\r\n      \"cont\": \"<h1 class=\\\"_News_Thumb_HL\\\" style=\\\"text-align: right;\\\"><a href=\\\"https:\/\/amalia-film.de\/en\/category\/news\/news-archiv\\\">&lt; News Archive<\/a><\/h1>\",\r\n      \"align\": \"top\",\r\n      \"row\": 0,\r\n      \"col\": 5,\r\n      \"colspan\": 9,\r\n      \"offsetx\": 0,\r\n      \"offsety\": 0,\r\n      \"spaceabove\": 3,\r\n      \"spacebelow\": 0,\r\n      \"yvel\": 1,\r\n      \"push\": 5,\r\n      \"relid\": 210,\r\n      \"frameOverflow\": \"\"\r\n    },\r\n    {\r\n      \"type\": \"img\",\r\n      \"cont\": \"\/wp-content\/uploads\/2020\/06\/Amalia_FFF-FCB-Logo_f\u00fcr-die-Newsseite.jpg\",\r\n      \"align\": \"bottom\",\r\n      \"row\": 1,\r\n      \"col\": 5,\r\n      \"colspan\": 9,\r\n      \"offsetx\": 0,\r\n      \"offsety\": 0,\r\n      \"spaceabove\": 3,\r\n      \"spacebelow\": 0,\r\n      \"yvel\": 1,\r\n      \"push\": 5,\r\n      \"relid\": 154,\r\n      \"attid\": 605,\r\n      \"sizes\": {\r\n        \"full\": \"\/wp-content\/uploads\/2020\/06\/Amalia_FFF-FCB-Logo_f\u00fcr-die-Newsseite.jpg\",\r\n        \"_1024\": \"\/wp-content\/uploads\/2020\/06\/Amalia_FFF-FCB-Logo_f\u00fcr-die-Newsseite-1024x512.jpg\",\r\n        \"_768\": \"\/wp-content\/uploads\/2020\/06\/Amalia_FFF-FCB-Logo_f\u00fcr-die-Newsseite-768x384.jpg\",\r\n        \"_512\": \"\/wp-content\/uploads\/2020\/06\/Amalia_FFF-FCB-Logo_f\u00fcr-die-Newsseite-512x256.jpg\",\r\n        \"_265\": \"\/wp-content\/uploads\/2020\/06\/Amalia_FFF-FCB-Logo_f\u00fcr-die-Newsseite-265x133.jpg\"\r\n      },\r\n      \"ar\": 0.5,\r\n      \"alt\": \"\",\r\n      \"w\": 1080,\r\n      \"h\": 540\r\n    },\r\n    {\r\n      \"type\": \"text\",\r\n      \"cont\": \"<h1 class=\\\"_HL_1\\\"><strong>FFF Bayern f\u00f6rdert 3 \u00bd Stunden<\/strong><\/h1><p>Der FilmFernsehFond Bayern hat in der Vergaberunde vom April 2020 das TV Event 3 \u00bd Stunden mit einer F\u00f6rderung in H\u00f6he von 600.000\u20ac bedacht. Wir freuen uns sehr, die Dreharbeiten dank Unterst\u00fctzung des FFF im Sp\u00e4tsommer in M\u00fcnchen, Berlin und Sachsen zu starten.<\/p><p><a href=\\\"https:\/\/www.fff-bayern.de\/fileadmin\/user_upload\/Vergabemeldungen\/FFF_Vergabemeldung_April_2020.pdf\\\" target=\\\"_blank\\\" rel=\\\"noopener\\\">Vergabemeldung des FFF Bayern<\/a><\/p>\",\r\n      \"align\": \"middle\",\r\n      \"row\": 2,\r\n      \"col\": 5,\r\n      \"colspan\": 9,\r\n      \"offsetx\": 0,\r\n      \"offsety\": 0,\r\n      \"spaceabove\": 3,\r\n      \"spacebelow\": 5,\r\n      \"yvel\": 1,\r\n      \"push\": 5,\r\n      \"relid\": 4,\r\n      \"frameOverflow\": \"\"\r\n    }\r\n  ]\r\n}","phonegrid":"{\r\n  \"colCount\": 12,\r\n  \"colGutter\": 1,\r\n  \"rowGutters\": [\r\n    0,\r\n    0\r\n  ],\r\n  \"frameMargin\": 5,\r\n  \"topFrameMargin\": 5,\r\n  \"bottomFrameMargin\": 5,\r\n  \"rowAttrs\": [\r\n    [],\r\n    [],\r\n    []\r\n  ],\r\n  \"bgColor\": null,\r\n  \"cont\": [\r\n    {\r\n      \"type\": \"text\",\r\n      \"cont\": \"<h1 class=\\\"_News_Thumb_HL\\\" style=\\\"text-align: right;\\\"><a href=\\\"https:\/\/amalia-film.de\/en\/category\/news\/news-archiv\\\">&lt; News Archive<\/a><\/h1>\",\r\n      \"align\": \"bottom\",\r\n      \"row\": 0,\r\n      \"col\": 0,\r\n      \"colspan\": 12,\r\n      \"offsetx\": 0,\r\n      \"offsety\": 0,\r\n      \"spaceabove\": 15,\r\n      \"spacebelow\": 0,\r\n      \"yvel\": 1,\r\n      \"push\": 0,\r\n      \"relid\": 210,\r\n      \"frameOverflow\": \"\"\r\n    },\r\n    {\r\n      \"type\": \"img\",\r\n      \"cont\": \"\/wp-content\/uploads\/2020\/06\/Amalia_FFF-FCB-Logo_f\u00fcr-die-Newsseite.jpg\",\r\n      \"align\": \"bottom\",\r\n      \"row\": 1,\r\n      \"col\": 0,\r\n      \"colspan\": 12,\r\n      \"offsetx\": 0,\r\n      \"offsety\": 0,\r\n      \"spaceabove\": 10,\r\n      \"spacebelow\": 0,\r\n      \"yvel\": 1,\r\n      \"push\": 0,\r\n      \"relid\": 154,\r\n      \"attid\": 605,\r\n      \"sizes\": {\r\n        \"full\": \"\/wp-content\/uploads\/2020\/06\/Amalia_FFF-FCB-Logo_f\u00fcr-die-Newsseite.jpg\",\r\n        \"_1024\": \"\/wp-content\/uploads\/2020\/06\/Amalia_FFF-FCB-Logo_f\u00fcr-die-Newsseite-1024x512.jpg\",\r\n        \"_768\": \"\/wp-content\/uploads\/2020\/06\/Amalia_FFF-FCB-Logo_f\u00fcr-die-Newsseite-768x384.jpg\",\r\n        \"_512\": \"\/wp-content\/uploads\/2020\/06\/Amalia_FFF-FCB-Logo_f\u00fcr-die-Newsseite-512x256.jpg\",\r\n        \"_265\": \"\/wp-content\/uploads\/2020\/06\/Amalia_FFF-FCB-Logo_f\u00fcr-die-Newsseite-265x133.jpg\"\r\n      },\r\n      \"ar\": 0.5,\r\n      \"alt\": \"\",\r\n      \"w\": 1080,\r\n      \"h\": 540,\r\n      \"frameOverflow\": \"\"\r\n    },\r\n    {\r\n      \"type\": \"text\",\r\n      \"cont\": \"<h1 class=\\\"_HL_1\\\"><strong>FFF Bayern f\u00f6rdert 3 \u00bd Stunden<\/strong><\/h1><p>Der FilmFernsehFond Bayern hat in der Vergaberunde vom April 2020 das TV Event 3 \u00bd Stunden mit einer F\u00f6rderung in H\u00f6he von 600.000\u20ac bedacht. Wir freuen uns sehr, die Dreharbeiten dank Unterst\u00fctzung des FFF im Sp\u00e4tsommer in M\u00fcnchen, Berlin und Sachsen zu starten.<\/p><p><a href=\\\"https:\/\/www.fff-bayern.de\/fileadmin\/user_upload\/Vergabemeldungen\/FFF_Vergabemeldung_April_2020.pdf\\\" target=\\\"_blank\\\" rel=\\\"noopener\\\">Vergabemeldung des FFF Bayern<\/a><\/p>\",\r\n      \"align\": \"bottom\",\r\n      \"row\": 2,\r\n      \"col\": 0,\r\n      \"colspan\": 12,\r\n      \"offsetx\": 0,\r\n      \"offsety\": 0,\r\n      \"spaceabove\": 10,\r\n      \"spacebelow\": 5,\r\n      \"yvel\": 1,\r\n      \"push\": 0,\r\n      \"relid\": 4,\r\n      \"frameOverflow\": \"\"\r\n    }\r\n  ]\r\n}","_links":{"self":[{"href":"https:\/\/amalia-film.de\/en\/wp-json\/wp\/v2\/posts\/604","targetHints":{"allow":["GET"]}}],"collection":[{"href":"https:\/\/amalia-film.de\/en\/wp-json\/wp\/v2\/posts"}],"about":[{"href":"https:\/\/amalia-film.de\/en\/wp-json\/wp\/v2\/types\/post"}],"author":[{"embeddable":true,"href":"https:\/\/amalia-film.de\/en\/wp-json\/wp\/v2\/users\/1"}],"replies":[{"embeddable":true,"href":"https:\/\/amalia-film.de\/en\/wp-json\/wp\/v2\/comments?post=604"}],"version-history":[{"count":0,"href":"https:\/\/amalia-film.de\/en\/wp-json\/wp\/v2\/posts\/604\/revisions"}],"wp:featuredmedia":[{"embeddable":true,"href":"https:\/\/amalia-film.de\/en\/wp-json\/wp\/v2\/media\/606"}],"wp:attachment":[{"href":"https:\/\/amalia-film.de\/en\/wp-json\/wp\/v2\/media?parent=604"}],"wp:term":[{"taxonomy":"category","embeddable":true,"href":"https:\/\/amalia-film.de\/en\/wp-json\/wp\/v2\/categories?post=604"},{"taxonomy":"post_tag","embeddable":true,"href":"https:\/\/amalia-film.de\/en\/wp-json\/wp\/v2\/tags?post=604"}],"curies":[{"name":"wp","href":"https:\/\/api.w.org\/{rel}","templated":true}]}}