{"id":611,"date":"2020-08-21T13:57:40","date_gmt":"2019-01-28T09:52:11","guid":{"rendered":"https:\/\/amalia-film.de\/news-item-3-3-2-2-3-2\/"},"modified":"2023-05-12T11:50:00","modified_gmt":"2023-05-12T11:50:00","slug":"news-item-15","status":"publish","type":"post","link":"https:\/\/amalia-film.de\/en\/news-item-15\/","title":{"rendered":"EAF2 TV-Premiere"},"content":{"rendered":"","protected":false},"excerpt":{"rendered":"","protected":false},"author":1,"featured_media":613,"comment_status":"closed","ping_status":"closed","sticky":false,"template":"","format":"standard","meta":[],"categories":[8],"tags":[],"class_list":["post-611","post","type-post","status-publish","has-post-thumbnail","hentry","category-news-archiv"],"grid":"{\r\n  \"colCount\": 19,\r\n  \"colGutter\": 1,\r\n  \"rowGutters\": [\r\n    0,\r\n    0\r\n  ],\r\n  \"frameMargin\": 5,\r\n  \"topFrameMargin\": 5,\r\n  \"bottomFrameMargin\": 5,\r\n  \"rowAttrs\": [\r\n    {\r\n      \"relid\": 5\r\n    },\r\n    {\r\n      \"relid\": 6\r\n    },\r\n    {\r\n      \"relid\": 7\r\n    }\r\n  ],\r\n  \"bgColor\": null,\r\n  \"cont\": [\r\n    {\r\n      \"type\": \"text\",\r\n      \"cont\": \"<h1 class=\\\"_News_Thumb_HL\\\" style=\\\"text-align: right;\\\"><a href=\\\"https:\/\/amalia-film.de\/en\/category\/news\/news-archiv\\\">&lt; News Archive<\/a><\/h1>\",\r\n      \"align\": \"top\",\r\n      \"row\": 0,\r\n      \"col\": 5,\r\n      \"colspan\": 9,\r\n      \"offsetx\": 0,\r\n      \"offsety\": 0,\r\n      \"spaceabove\": 3,\r\n      \"spacebelow\": 0,\r\n      \"yvel\": 1,\r\n      \"push\": 5,\r\n      \"relid\": 210,\r\n      \"frameOverflow\": \"\"\r\n    },\r\n    {\r\n      \"type\": \"img\",\r\n      \"cont\": \"\/wp-content\/uploads\/2020\/08\/Produktionsbild.jpg\",\r\n      \"align\": \"bottom\",\r\n      \"row\": 1,\r\n      \"col\": 5,\r\n      \"colspan\": 9,\r\n      \"offsetx\": 0,\r\n      \"offsety\": 0,\r\n      \"spaceabove\": 3,\r\n      \"spacebelow\": 0,\r\n      \"yvel\": 1,\r\n      \"push\": 5,\r\n      \"relid\": 154,\r\n      \"attid\": 615,\r\n      \"sizes\": {\r\n        \"full\": \"\/wp-content\/uploads\/2020\/08\/Produktionsbild.jpg\",\r\n        \"_1024\": \"\/wp-content\/uploads\/2020\/08\/Produktionsbild-1024x512.jpg\",\r\n        \"_768\": \"\/wp-content\/uploads\/2020\/08\/Produktionsbild-768x384.jpg\",\r\n        \"_512\": \"\/wp-content\/uploads\/2020\/08\/Produktionsbild-512x256.jpg\",\r\n        \"_265\": \"\/wp-content\/uploads\/2020\/08\/Produktionsbild-265x133.jpg\"\r\n      },\r\n      \"ar\": 0.5,\r\n      \"alt\": \"\",\r\n      \"w\": 1080,\r\n      \"h\": 540\r\n    },\r\n    {\r\n      \"type\": \"text\",\r\n      \"cont\": \"<h1 class=\\\"_HL_1\\\"><strong>Erstausstrahlung<\/strong><strong> f\u00fcr EINE ALMH\u00dcTTE F\u00dcR ZWEI\u00a0<\/strong><\/h1><p>(Arbeitstitel: Leonhards Traum)<\/p><p>Unsere bewegende Liebeskom\u00f6die EINE ALMH\u00dcTTE F\u00dcR ZWEI feiert seine langersehnte TV-Premiere am Samstag, den 05. September zur Primetime um 20:15 Uhr Im Ersten. Der renommierte Drehbuchautor Benedikt R\u00f6skau inszeniert in seinem Regiedeb\u00fct die herzergreifende\u00a0 Heimatgeschichte nach einer Idee von Sylvia Leuker \u00fcber die Liebe zweier Menschen mit geistigen Einschr\u00e4nkungen und der komplexen ethisch-moralischen Frage: Wie geht unsere Gesellschaft mit dem Kinderwunsch einer geistig beeintr\u00e4chtigten Person um?<\/p><p>Tilmann P. Gangloff schrieb auf Titelbach eine ber\u00fchrende <a href=\\\"http:\/\/www.tittelbach.tv\/programm\/fernsehfilm\/artikel-5601.html\\\" target=\\\"_blank\\\" rel=\\\"noopener\\\">Rezension<\/a><\/p><p>\u00a0<\/p>\",\r\n      \"align\": \"top\",\r\n      \"row\": 2,\r\n      \"col\": 5,\r\n      \"colspan\": 9,\r\n      \"offsetx\": 0,\r\n      \"offsety\": 0,\r\n      \"spaceabove\": 3,\r\n      \"spacebelow\": 5,\r\n      \"yvel\": 1,\r\n      \"push\": 5,\r\n      \"relid\": 4\r\n    }\r\n  ]\r\n}","phonegrid":"{\r\n  \"colCount\": 12,\r\n  \"colGutter\": 1,\r\n  \"rowGutters\": [\r\n    0,\r\n    0\r\n  ],\r\n  \"frameMargin\": 5,\r\n  \"topFrameMargin\": 5,\r\n  \"bottomFrameMargin\": 5,\r\n  \"rowAttrs\": [\r\n    [],\r\n    [],\r\n    []\r\n  ],\r\n  \"bgColor\": null,\r\n  \"cont\": [\r\n    {\r\n      \"type\": \"text\",\r\n      \"cont\": \"<h1 class=\\\"_News_Thumb_HL\\\" style=\\\"text-align: right;\\\"><a href=\\\"https:\/\/amalia-film.de\/en\/category\/news\/news-archiv\\\">&lt; News Archive<\/a><\/h1>\",\r\n      \"align\": \"bottom\",\r\n      \"row\": 0,\r\n      \"col\": 0,\r\n      \"colspan\": 12,\r\n      \"offsetx\": 0,\r\n      \"offsety\": 0,\r\n      \"spaceabove\": 15,\r\n      \"spacebelow\": 0,\r\n      \"yvel\": 1,\r\n      \"push\": 0,\r\n      \"relid\": 210,\r\n      \"frameOverflow\": \"\"\r\n    },\r\n    {\r\n      \"type\": \"img\",\r\n      \"cont\": \"\/wp-content\/uploads\/2020\/08\/Produktionsbild.jpg\",\r\n      \"align\": \"middle\",\r\n      \"row\": 1,\r\n      \"col\": 0,\r\n      \"colspan\": 12,\r\n      \"offsetx\": 0,\r\n      \"offsety\": 0,\r\n      \"spaceabove\": 10,\r\n      \"spacebelow\": 0,\r\n      \"yvel\": 1,\r\n      \"push\": 0,\r\n      \"relid\": 154,\r\n      \"attid\": 615,\r\n      \"sizes\": {\r\n        \"full\": \"\/wp-content\/uploads\/2020\/08\/Produktionsbild.jpg\",\r\n        \"_1024\": \"\/wp-content\/uploads\/2020\/08\/Produktionsbild-1024x512.jpg\",\r\n        \"_768\": \"\/wp-content\/uploads\/2020\/08\/Produktionsbild-768x384.jpg\",\r\n        \"_512\": \"\/wp-content\/uploads\/2020\/08\/Produktionsbild-512x256.jpg\",\r\n        \"_265\": \"\/wp-content\/uploads\/2020\/08\/Produktionsbild-265x133.jpg\"\r\n      },\r\n      \"ar\": 0.5,\r\n      \"alt\": \"\",\r\n      \"w\": 1080,\r\n      \"h\": 540\r\n    },\r\n    {\r\n      \"type\": \"text\",\r\n      \"cont\": \"<h1 class=\\\"_HL_1\\\"><strong>Erstausstrahlung<\/strong><strong> f\u00fcr EINE ALMH\u00dcTTE F\u00dcR ZWEI\u00a0<\/strong><\/h1><p>(Arbeitstitel: Leonhards Traum)<\/p><p>Unsere bewegende Liebeskom\u00f6die EINE ALMH\u00dcTTE F\u00dcR ZWEI feiert seine langersehnte TV-Premiere am Samstag, den 05. September zur Primetime um 20:15 Uhr Im Ersten. Der renommierte Drehbuchautor Benedikt R\u00f6skau inszeniert in seinem Regiedeb\u00fct die herzergreifende\u00a0 Heimatgeschichte nach einer Idee von Sylvia Leuker \u00fcber die Liebe zweier Menschen mit geistigen Einschr\u00e4nkungen und der komplexen ethisch-moralischen Frage: Wie geht unsere Gesellschaft mit dem Kinderwunsch einer geistig beeintr\u00e4chtigten Person um?<\/p><p>Tilmann P. Gangloff schrieb auf Titelbach eine ber\u00fchrende <a href=\\\"http:\/\/www.tittelbach.tv\/programm\/fernsehfilm\/artikel-5601.html\\\" target=\\\"_blank\\\" rel=\\\"noopener\\\">Rezension<\/a><\/p><p>\u00a0<\/p>\",\r\n      \"align\": \"bottom\",\r\n      \"row\": 2,\r\n      \"col\": 0,\r\n      \"colspan\": 12,\r\n      \"offsetx\": 0,\r\n      \"offsety\": 0,\r\n      \"spaceabove\": 10,\r\n      \"spacebelow\": 5,\r\n      \"yvel\": 1,\r\n      \"push\": 0,\r\n      \"relid\": 4,\r\n      \"frameOverflow\": \"\"\r\n    }\r\n  ]\r\n}","_links":{"self":[{"href":"https:\/\/amalia-film.de\/en\/wp-json\/wp\/v2\/posts\/611","targetHints":{"allow":["GET"]}}],"collection":[{"href":"https:\/\/amalia-film.de\/en\/wp-json\/wp\/v2\/posts"}],"about":[{"href":"https:\/\/amalia-film.de\/en\/wp-json\/wp\/v2\/types\/post"}],"author":[{"embeddable":true,"href":"https:\/\/amalia-film.de\/en\/wp-json\/wp\/v2\/users\/1"}],"replies":[{"embeddable":true,"href":"https:\/\/amalia-film.de\/en\/wp-json\/wp\/v2\/comments?post=611"}],"version-history":[{"count":0,"href":"https:\/\/amalia-film.de\/en\/wp-json\/wp\/v2\/posts\/611\/revisions"}],"wp:featuredmedia":[{"embeddable":true,"href":"https:\/\/amalia-film.de\/en\/wp-json\/wp\/v2\/media\/613"}],"wp:attachment":[{"href":"https:\/\/amalia-film.de\/en\/wp-json\/wp\/v2\/media?parent=611"}],"wp:term":[{"taxonomy":"category","embeddable":true,"href":"https:\/\/amalia-film.de\/en\/wp-json\/wp\/v2\/categories?post=611"},{"taxonomy":"post_tag","embeddable":true,"href":"https:\/\/amalia-film.de\/en\/wp-json\/wp\/v2\/tags?post=611"}],"curies":[{"name":"wp","href":"https:\/\/api.w.org\/{rel}","templated":true}]}}