{"id":836,"date":"2024-10-01T11:34:00","date_gmt":"2024-10-01T11:34:00","guid":{"rendered":"https:\/\/amalia-film.de\/davos-2-copy\/"},"modified":"2025-03-27T10:11:11","modified_gmt":"2025-03-27T10:11:11","slug":"landesverraeter-weltpremiere","status":"publish","type":"post","link":"https:\/\/amalia-film.de\/en\/landesverraeter-weltpremiere\/","title":{"rendered":"Weltpremiere f\u00fcr historischen Kinofilm &#8220;Landesverr\u00e4ter&#8221;"},"content":{"rendered":"","protected":false},"excerpt":{"rendered":"","protected":false},"author":3,"featured_media":820,"comment_status":"closed","ping_status":"closed","sticky":false,"template":"","format":"standard","meta":[],"categories":[8],"tags":[],"class_list":["post-836","post","type-post","status-publish","has-post-thumbnail","hentry","category-news-archiv"],"grid":"{\r\n  \"colCount\": 19,\r\n  \"colGutter\": 1,\r\n  \"rowGutters\": [\r\n    0,\r\n    0\r\n  ],\r\n  \"frameMargin\": 5,\r\n  \"topFrameMargin\": 5,\r\n  \"bottomFrameMargin\": 5,\r\n  \"rowAttrs\": [\r\n    {\r\n      \"relid\": 5\r\n    },\r\n    {\r\n      \"relid\": 6\r\n    },\r\n    {\r\n      \"relid\": 7\r\n    }\r\n  ],\r\n  \"bgColor\": null,\r\n  \"cont\": [\r\n    {\r\n      \"type\": \"text\",\r\n      \"cont\": \"<h1 class=\\\"_News_Thumb_HL\\\" style=\\\"text-align: right;\\\"><a href=\\\"https:\/\/amalia-film.de\/en\/category\/news\/news-archiv\\\">&lt; News Archive<\/a><\/h1>\",\r\n      \"align\": \"top\",\r\n      \"row\": 0,\r\n      \"col\": 5,\r\n      \"colspan\": 9,\r\n      \"offsetx\": 0,\r\n      \"offsety\": 0,\r\n      \"spaceabove\": 3,\r\n      \"spacebelow\": 0,\r\n      \"yvel\": 1,\r\n      \"push\": 5,\r\n      \"relid\": 210,\r\n      \"frameOverflow\": \"\",\r\n      \"absolute_position\": false\r\n    },\r\n    {\r\n      \"type\": \"img\",\r\n      \"cont\": \"\/wp-content\/uploads\/2025\/03\/Landesverraeter_Plakat_705x1015_4f.jpg\",\r\n      \"align\": \"middle\",\r\n      \"row\": 1,\r\n      \"col\": 7,\r\n      \"colspan\": 5,\r\n      \"offsetx\": 0,\r\n      \"offsety\": 0,\r\n      \"spaceabove\": 0,\r\n      \"spacebelow\": 0,\r\n      \"yvel\": 1,\r\n      \"push\": 7,\r\n      \"relid\": 8,\r\n      \"attid\": 838,\r\n      \"sizes\": {\r\n        \"full\": \"\/wp-content\/uploads\/2025\/03\/Landesverraeter_Plakat_705x1015_4f.jpg\",\r\n        \"_2560\": \"\/wp-content\/uploads\/2025\/03\/Landesverraeter_Plakat_705x1015_4f-2560x3685.jpg\",\r\n        \"_1920\": \"\/wp-content\/uploads\/2025\/03\/Landesverraeter_Plakat_705x1015_4f-1920x2763.jpg\",\r\n        \"_1280\": \"\/wp-content\/uploads\/2025\/03\/Landesverraeter_Plakat_705x1015_4f-1280x1842.jpg\",\r\n        \"_1024\": \"\/wp-content\/uploads\/2025\/03\/Landesverraeter_Plakat_705x1015_4f-1024x1474.jpg\",\r\n        \"_768\": \"\/wp-content\/uploads\/2025\/03\/Landesverraeter_Plakat_705x1015_4f-768x1105.jpg\",\r\n        \"_512\": \"\/wp-content\/uploads\/2025\/03\/Landesverraeter_Plakat_705x1015_4f-512x737.jpg\",\r\n        \"_265\": \"\/wp-content\/uploads\/2025\/03\/Landesverraeter_Plakat_705x1015_4f-265x381.jpg\"\r\n      },\r\n      \"w\": 2832,\r\n      \"h\": 4076,\r\n      \"ar\": 1.439265536723164,\r\n      \"alt\": \"\",\r\n      \"absolute_position\": false,\r\n      \"frameOverflow\": \"\"\r\n    },\r\n    {\r\n      \"type\": \"text\",\r\n      \"cont\": \"<h1 class=\\\"_Section\\\"><strong>Historischer Kinofilm LANDESVERR\u00c4TER feiert Weltpremiere auf dem 20. Zurich Film Festival<\/strong><\/h1><p>Hamburg\/Z\u00fcrich, 1. Oktober 2024 \u2013 Der historische Kinofilm LANDESVERR\u00c4TER, eine schweizerisch-deutsche Produktion der CONTRAST FILM, der AMALIA Film und der LETTERBOX FILMPRODUKTION, in Koproduktion mit dem Schweizer Radio und Fernsehen SRF, der SRG SSR, dem ZDF, ARTE und blue Entertainment, feiert seine Welturauff\u00fchrung auf dem diesj\u00e4hrigen Zurich Film Festival. Gezeigt wird der Film in der Sektion \u201eGala Premieren\u201c in Anwesenheit von Regisseur Michael Krummenacher, den Produzenten sowie den Darsteller:innen Luna Wedler, Fabian Hinrichs, Dimitri Krebs, Stefan Gubser und Sina Martens.<\/p><p><em>Spielzeiten:<\/em><\/p><p>Samstag, 5. Oktober, um 18.00 Uhr im Corso 1<\/p><p>Sonntag, 6. Oktober, um 18.15 Uhr im Arena 4<\/p><p>Donnerstag, 10. Oktober, um 20.45 Uhr im Arthouse Le Paris<\/p><p>Zum Inhalt:<br \/>Erz\u00e4hlt wird das auf wahren Begebenheiten basierende Schicksal eines jungen Tagtr\u00e4umers aus der Schweizer Provinz, der w\u00e4hrend des Zweiten Weltkrieges ausgenutzt und verraten wird. In der Hoffnung, in Deutschland ein gro\u00dfer S\u00e4nger zu werden, verkauft Ernst Schr\u00e4mli einem manipulativen deutschen Spion Schweizer Milit\u00e4rinformationen. Als sein Vergehen auffliegt, wird Ernst in einem fragw\u00fcrdigen Prozess wegen Spionage und Landesverrat zum Tode verurteilt \u2013 damit die Eidgenossenschaft in einer heiklen Kriegssituation ein sichtbares Zeichen der Neutralit\u00e4t setzen kann. Ernst Schr\u00e4mli war der erste von 17 Landesverr\u00e4tern in der Schweizer Geschichte, dessen Hinrichtung vollstreckt wurde.<\/p><p>Die Hauptrollen in diesem historischen Spielfilm \u00fcbernehmen Dimitri Krebs, Fabian Hinrichs, Luna Wedler und Stefan Gubser \u2013 in weiteren Rollen spielen u.a. Ernst C. Sigrist, Flurin Giger, Sina Martens, Robert Hunger-B\u00fchler u.v.a.<\/p><p>LANDESVERR\u00c4TER ist eine Produktion der CONTRAST FILM (Produzenten Ivan Madeo, Stefan Eichenberger, Urs Frey), der AMALIA Film (Produzent Felix von Poser) und der LETTERBOX FILMPRODUKTION (Produzent Michael Lehmann,) in Koproduktion mit Gretchenfilm (Annegret Weitk\u00e4mper-Krug), memox Film Production (Roman Droux), B.A. Filmproduktion (Josef Reidinger) sowie dem SRF Schweizer Radio und Fernsehen (Redaktion: Thomas L\u00fcthi), der SRG SSR (Sven W\u00e4lti, Gregory Catella), dem ZDF (Redaktion: Daniel Blum), ARTE G.E.I.E. (Eric Morfaux) und blue Entertainment (Patrick Gantner, Dr. Malte Probst). Das Drehbuch stammt von Michael Krummenacher und Silvia Wolkan. Hinter der Kamera stand Michael Saxer. Szenenbild: Tilman Lasch, Kost\u00fcm: Rudolf Jost und Heiner Wiedemann, Maskenbild: Judith Kr\u00f6her Falch und Grit Hildenbrand. Schnitt: Max Fey. Musik: Bj\u00f6rn Magnusson. Casting: Nina Moser, Dana Gr\u00fcnenfelder, Anja Dihrberg. Herstellungsleitung: Andrea Blaser, Line Producer: Christos Dervenis, Produktionsleitung: Olivier Monnard und Roman Blum u.v.a.<\/p><p>Gef\u00f6rdert u.a. mit Mitteln des Bundesamts f\u00fcr Kultur, der Z\u00fcrcher Filmstiftung, des Kantons St. Gallen, des Kantons Schwyz, des Kantons Glarus, von Suissimage, MEDIA Desk Suisse, der SSA, FOCAL Stage Pool, der Fondation Suisa, des FFF Bayern und des Deutschen Filmf\u00f6rderfonds DFFF. Schweizer Verleih: Ascot Elite Entertainment Group.<a href=\\\"mailto:arothmund@studio-hamburg.de\\\"><\/a><\/p>\",\r\n      \"align\": \"top\",\r\n      \"row\": 2,\r\n      \"col\": 5,\r\n      \"colspan\": 9,\r\n      \"offsetx\": 0,\r\n      \"offsety\": 0,\r\n      \"spaceabove\": 3,\r\n      \"spacebelow\": 5,\r\n      \"yvel\": 1,\r\n      \"push\": 5,\r\n      \"relid\": 4,\r\n      \"absolute_position\": false,\r\n      \"dosync\": false\r\n    }\r\n  ]\r\n}","phonegrid":"{\r\n  \"colCount\": 12,\r\n  \"colGutter\": 1,\r\n  \"rowGutters\": [\r\n    0,\r\n    0\r\n  ],\r\n  \"frameMargin\": 5,\r\n  \"topFrameMargin\": 5,\r\n  \"bottomFrameMargin\": 5,\r\n  \"rowAttrs\": [\r\n    [],\r\n    [],\r\n    []\r\n  ],\r\n  \"bgColor\": null,\r\n  \"cont\": [\r\n    {\r\n      \"type\": \"text\",\r\n      \"cont\": \"<h1 class=\\\"_News_Thumb_HL\\\" style=\\\"text-align: right;\\\"><a href=\\\"https:\/\/amalia-film.de\/en\/category\/news\/news-archiv\\\">&lt; News Archive<\/a><\/h1>\",\r\n      \"align\": \"bottom\",\r\n      \"row\": 0,\r\n      \"col\": 0,\r\n      \"colspan\": 12,\r\n      \"offsetx\": 0,\r\n      \"offsety\": 0,\r\n      \"spaceabove\": 15,\r\n      \"spacebelow\": 0,\r\n      \"yvel\": 1,\r\n      \"push\": 0,\r\n      \"relid\": 210,\r\n      \"frameOverflow\": \"\",\r\n      \"absolute_position\": false\r\n    },\r\n    {\r\n      \"type\": \"img\",\r\n      \"cont\": \"\/wp-content\/uploads\/2025\/03\/Landesverraeter_Plakat_705x1015_4f.jpg\",\r\n      \"align\": \"top\",\r\n      \"row\": 1,\r\n      \"col\": 5,\r\n      \"colspan\": 2,\r\n      \"offsetx\": 0,\r\n      \"offsety\": 0,\r\n      \"spaceabove\": 0,\r\n      \"spacebelow\": 0,\r\n      \"yvel\": 1,\r\n      \"push\": 5,\r\n      \"relid\": 8,\r\n      \"attid\": 838,\r\n      \"sizes\": {\r\n        \"full\": \"\/wp-content\/uploads\/2025\/03\/Landesverraeter_Plakat_705x1015_4f.jpg\",\r\n        \"_2560\": \"\/wp-content\/uploads\/2025\/03\/Landesverraeter_Plakat_705x1015_4f-2560x3685.jpg\",\r\n        \"_1920\": \"\/wp-content\/uploads\/2025\/03\/Landesverraeter_Plakat_705x1015_4f-1920x2763.jpg\",\r\n        \"_1280\": \"\/wp-content\/uploads\/2025\/03\/Landesverraeter_Plakat_705x1015_4f-1280x1842.jpg\",\r\n        \"_1024\": \"\/wp-content\/uploads\/2025\/03\/Landesverraeter_Plakat_705x1015_4f-1024x1474.jpg\",\r\n        \"_768\": \"\/wp-content\/uploads\/2025\/03\/Landesverraeter_Plakat_705x1015_4f-768x1105.jpg\",\r\n        \"_512\": \"\/wp-content\/uploads\/2025\/03\/Landesverraeter_Plakat_705x1015_4f-512x737.jpg\",\r\n        \"_265\": \"\/wp-content\/uploads\/2025\/03\/Landesverraeter_Plakat_705x1015_4f-265x381.jpg\"\r\n      },\r\n      \"w\": 2832,\r\n      \"h\": 4076,\r\n      \"ar\": 1.439265536723164,\r\n      \"alt\": \"\",\r\n      \"absolute_position\": false\r\n    },\r\n    {\r\n      \"type\": \"text\",\r\n      \"cont\": \"<h1 class=\\\"_Section\\\"><span><strong>Die historische high-end-dramaserie davos 1917 feiert weltpremiere auf dem zurich film festival<\/strong><\/span><\/h1><p>Hamburg\/Z\u00fcrich, 14. September 2023 \u2013 Die historische High-End-Dramaserie DAVOS 1917, eine Produktion der Schweizer CONTRAST FILM und der LETTERBOX FILMPRODUKTION in Koproduktion mit der AMALIA FILM, dem Schweizer Radio und Fernsehen SRF und der ARD Degeto, feiert am 6. Oktober auf dem 19. Zurich Film Festival (28. September \u2013 8. Oktober) in Anwesenheit von Cast und Crew ihre Weltpremiere. Pr\u00e4sentiert werden die ersten zwei Episoden in der Sektion <em>Special Screenings.<\/em> Der SRF und Das Erste zeigen DAVOS 1917 im Weihnachtsprogramm 2023. Anschliessend wird das Serien-Highlight in weiteren L\u00e4ndern ausgestrahlt.\u00a0<br \/><br \/>1917 \u2013 der Erste Weltkrieg verw\u00fcstet Europa. Im Gegensatz dazu erscheint Davos wie eine Oase des Friedens. Doch in Wahrheit tobt hinter den Kulissen in der neutralen Schweiz ein Agent:innenkrieg der Weltm\u00e4chte. Inspiriert von wahren Begebenheiten erz\u00e4hlt DAVOS 1917 die fiktive Geschichte der B\u00fcndner Krankenschwester Johanna Gabathuler, die unerwartet zwischen die Fronten der heimlich operierenden Spione ger\u00e4t. Um ihre uneheliche Tochter zur\u00fcckzugewinnen, l\u00e4sst sie sich auf ein t\u00f6dliches Spiel mit dem deutschen Geheimdienst ein \u2013 und wird bei einem riskanten Plan, der \u00fcber Krieg oder Frieden entscheidet, pl\u00f6tzlich zum Z\u00fcnglein an der Waage. <br \/><br \/>In den Hauptrollen sind Dominique Devenport, Jeanette Hain und David Kross zu sehen \u2013 in weiteren Rollen spielen u.a. Anna Schinz, Hanspeter M\u00fcller-Drossaart, Welket Bungu\u00e9, Sunnyi Melles u.v.a.\u00a0<\/p><p>Die Inszenierung der sechsteiligen Spionage-Serie haben Jan-Eric Mack (\u201eWilder\u201c), Anca Miruna L\u0103z\u0103rescu (\u201eWir sind die Welle\u201c) und Christian Theede (\u201ePfefferk\u00f6rner\u201c-Kinofilme) \u00fcbernommen. Die Drehb\u00fccher stammen von Headautor Adrian Illien und seinen Ko-Autor:innen Thomas Hess, Julia Penner und Michael Sauter.\u00a0<\/p><p>\u201eDAVOS 1917 ist die erste SRF-Serie, die von Beginn an sowohl f\u00fcr das nationale als auch das internationale Publikum konzipiert wurde. Das war unsere Ausgangsidee, die wir Produzent:innen vor f\u00fcnf Jahren dem SRF und der ARD vorgelegt haben und sich nun verwirklicht\u201c, so die Produzent:innen von CONTRAST FILM und der LETTERBOX FILMPRODUKTION.\u00a0<\/p><p>DAVOS 1917 ist eine Produktion der CONTRAST FILM (Produzenten: Ivan Madeo, Stefan Eichenberger, Urs Frey) und der LETTERBOX FILMPRODUKTION (Produzent:innen: Andreas Knoblauch, Lisa Arndt; Producer: Jan-Hendrik Holst) in Koproduktion mit der AMALIA FILM (Koproduzent: Felix von Poser), des SRF (Redaktion: Baptiste Planche, Bettina Alber, Gabriella DeGara, Fabienne Andreoli) und der ARD Degeto (Redaktion: Christoph Pellander, Claudia Gr\u00e4ssel, Laura Vella). Hinter der Kamera stehen Timon Sch\u00e4ppi &amp; Tobias Dengler. Szenenbild: Benedikt Herforth, Kost\u00fcm: Ute Paffendorf &amp; Fred Fenner, Maske: Anette Keiser, Casting: Emrah Ertem, Nina Moser, Montage: Simon Gutknecht, Benjamin Fueter, Janina Gerkens, Filmmusik: Adrian Frutiger und Marcel Vaid, Herstellungsleitung: Marcus Kreuz &amp; Andrea Blaser, Executive Producer: Marco Mehlitz, Produktionsleitung: Janett Didik &amp; Katinka Kocher u.v.a. Der Weltvertrieb liegt bei Global Screen.\u00a0<\/p><p>Gef\u00f6rdert mit Mitteln der Film- und Medienstiftung NRW, des FFF Bayern, der MOIN Filmf\u00f6rderung Hamburg Schleswig-Holstein, der MFG-Filmf\u00f6rderung Baden-W\u00fcrttemberg, der nordmedia \u2013 Film- und Mediengesellschaft Niedersachsen\/Bremen, des German Motion Picture Funds sowie der Z\u00fcrcher Filmstiftung, des Teleproduktions-Fonds, der Gemeinde Davos, der Marke Graub\u00fcnden, des Kantons Zug, des Media Desk Suisse (Bundesamt f\u00fcr Kultur) und der Regiun Engiadina Bassa\/Val M\u00fcstair.\u00a0<\/p>\",\r\n      \"align\": \"bottom\",\r\n      \"row\": 2,\r\n      \"col\": 0,\r\n      \"colspan\": 12,\r\n      \"offsetx\": 0,\r\n      \"offsety\": 0,\r\n      \"spaceabove\": 10,\r\n      \"spacebelow\": 5,\r\n      \"yvel\": 1,\r\n      \"push\": 0,\r\n      \"relid\": 4,\r\n      \"frameOverflow\": \"\",\r\n      \"absolute_position\": false,\r\n      \"dosync\": false\r\n    }\r\n  ]\r\n}","_links":{"self":[{"href":"https:\/\/amalia-film.de\/en\/wp-json\/wp\/v2\/posts\/836","targetHints":{"allow":["GET"]}}],"collection":[{"href":"https:\/\/amalia-film.de\/en\/wp-json\/wp\/v2\/posts"}],"about":[{"href":"https:\/\/amalia-film.de\/en\/wp-json\/wp\/v2\/types\/post"}],"author":[{"embeddable":true,"href":"https:\/\/amalia-film.de\/en\/wp-json\/wp\/v2\/users\/3"}],"replies":[{"embeddable":true,"href":"https:\/\/amalia-film.de\/en\/wp-json\/wp\/v2\/comments?post=836"}],"version-history":[{"count":0,"href":"https:\/\/amalia-film.de\/en\/wp-json\/wp\/v2\/posts\/836\/revisions"}],"wp:featuredmedia":[{"embeddable":true,"href":"https:\/\/amalia-film.de\/en\/wp-json\/wp\/v2\/media\/820"}],"wp:attachment":[{"href":"https:\/\/amalia-film.de\/en\/wp-json\/wp\/v2\/media?parent=836"}],"wp:term":[{"taxonomy":"category","embeddable":true,"href":"https:\/\/amalia-film.de\/en\/wp-json\/wp\/v2\/categories?post=836"},{"taxonomy":"post_tag","embeddable":true,"href":"https:\/\/amalia-film.de\/en\/wp-json\/wp\/v2\/tags?post=836"}],"curies":[{"name":"wp","href":"https:\/\/api.w.org\/{rel}","templated":true}]}}