{"id":839,"date":"2024-09-27T11:53:39","date_gmt":"2024-09-27T11:53:39","guid":{"rendered":"https:\/\/amalia-film.de\/davos-2-copy-2\/"},"modified":"2025-05-30T17:28:13","modified_gmt":"2025-05-30T17:28:13","slug":"davos-2-storytellingaward","status":"publish","type":"post","link":"https:\/\/amalia-film.de\/en\/davos-2-storytellingaward\/","title":{"rendered":"Davos 1917 f\u00fcr den Swiss Series Storytelling Award nominiert"},"content":{"rendered":"","protected":false},"excerpt":{"rendered":"","protected":false},"author":3,"featured_media":792,"comment_status":"closed","ping_status":"closed","sticky":false,"template":"","format":"standard","meta":[],"categories":[8],"tags":[],"class_list":["post-839","post","type-post","status-publish","has-post-thumbnail","hentry","category-news-archiv"],"grid":"{\r\n  \"colCount\": 19,\r\n  \"colGutter\": 1,\r\n  \"rowGutters\": [\r\n    0,\r\n    0\r\n  ],\r\n  \"frameMargin\": 5,\r\n  \"topFrameMargin\": 5,\r\n  \"bottomFrameMargin\": 5,\r\n  \"rowAttrs\": [\r\n    {\r\n      \"relid\": 5\r\n    },\r\n    {\r\n      \"relid\": 6\r\n    },\r\n    {\r\n      \"relid\": 7\r\n    }\r\n  ],\r\n  \"bgColor\": null,\r\n  \"cont\": [\r\n    {\r\n      \"type\": \"text\",\r\n      \"cont\": \"<h1 class=\\\"_News_Thumb_HL\\\" style=\\\"text-align: right;\\\"><a href=\\\"https:\/\/amalia-film.de\/en\/category\/news\/news-archiv\\\">&lt; News Archive<\/a><\/h1>\",\r\n      \"align\": \"top\",\r\n      \"row\": 0,\r\n      \"col\": 5,\r\n      \"colspan\": 9,\r\n      \"offsetx\": 0,\r\n      \"offsety\": 0,\r\n      \"spaceabove\": 3,\r\n      \"spacebelow\": 0,\r\n      \"yvel\": 1,\r\n      \"push\": 5,\r\n      \"relid\": 210,\r\n      \"frameOverflow\": \"\",\r\n      \"absolute_position\": false\r\n    },\r\n    {\r\n      \"type\": \"img\",\r\n      \"cont\": \"\/wp-content\/uploads\/2023\/09\/DAVOS-Zurich-Amalia-e1695032302979.jpg\",\r\n      \"align\": \"top\",\r\n      \"row\": 1,\r\n      \"col\": 5,\r\n      \"colspan\": 9,\r\n      \"offsetx\": 0,\r\n      \"offsety\": 0,\r\n      \"spaceabove\": 0,\r\n      \"spacebelow\": 0,\r\n      \"yvel\": 1,\r\n      \"push\": 5,\r\n      \"relid\": 402,\r\n      \"attid\": 792,\r\n      \"sizes\": {\r\n        \"full\": \"\/wp-content\/uploads\/2023\/09\/DAVOS-Zurich-Amalia-e1695032302979.jpg\",\r\n        \"_1920\": \"\/wp-content\/uploads\/2023\/09\/DAVOS-Zurich-Amalia-1920x1920.jpg\",\r\n        \"_1280\": \"\/wp-content\/uploads\/2023\/09\/DAVOS-Zurich-Amalia-1280x1280.jpg\",\r\n        \"_1024\": \"\/wp-content\/uploads\/2023\/09\/DAVOS-Zurich-Amalia-e1695032302979-1024x726.jpg\",\r\n        \"_768\": \"\/wp-content\/uploads\/2023\/09\/DAVOS-Zurich-Amalia-e1695032302979-768x545.jpg\",\r\n        \"_512\": \"\/wp-content\/uploads\/2023\/09\/DAVOS-Zurich-Amalia-e1695032302979-512x363.jpg\",\r\n        \"_265\": \"\/wp-content\/uploads\/2023\/09\/DAVOS-Zurich-Amalia-e1695032302979-265x188.jpg\"\r\n      },\r\n      \"w\": 1080,\r\n      \"h\": 766,\r\n      \"ar\": 0.7092592592592593,\r\n      \"alt\": \"\",\r\n      \"absolute_position\": false\r\n    },\r\n    {\r\n      \"type\": \"text\",\r\n      \"cont\": \"<h1 class=\\\"_Section\\\"><strong>DAVOS 1917 f\u00fcr den <\/strong><em><strong>Swiss Series Storytelling Award<\/strong><\/em><strong> nominiert<\/strong><\/h1><p>Hamburg\/Genf, 27. September 2024 \u2013 Wie gestern bekannt gegeben wurde, ist die historische High-End-Dramaserie DAVOS 1917 f\u00fcr den das erste Mal verliehenen <em>Swiss Series Storytelling Award<\/em> des 30. Geneva International Film Festival (GIFF, 1.-11. November 2024) nominiert worden. Diese neue Auszeichnung w\u00fcrdigt die kreative Gestaltung einer Serienwelt in einem Drehbuch. Somit gehen f\u00fcr DAVOS 1917 die Autoren Adrien Illien (Headautor), Thomas Hess sowie Michael Sauter ins Rennen um diesen besonderen Preis.<\/p><p>Die Gewinner:innen werden am 8. November im Rahmen einer feierlichen Abendveranstaltung in Genf verk\u00fcndet und erhalten ein Preisgeld von CHF 20.000, das von den Kulturfonds SSA und Suissimage gestiftet wird. Die Auszeichnung wird von einer internationalen Jury vergeben, bestehend aus Mirela Nastase (Managerin Drama, ZDF Studios, Deutschland), Brice Mondoloni (Leiter Serienredaktion, CANAL+, Frankreich) und Tanguy Dekeyser (Leiter Koproduktionen Kino und Serien, RTBF, Belgien).<\/p><p>Zum Inhalt:<br \/>Die historische Spionage-Serie DAVOS 1917 r\u00fcckt den Luftkurort ins Epizentrum: Die Serie erz\u00e4hlt, inspiriert von wahren Begebenheiten, die fiktive Geschichte einer au\u00dfergew\u00f6hnlichen Frau inmitten einer patriarchalen Welt, die sich zu einer bedeutenden Akteurin im Spionage-Geflecht entwickelt. Im Fokus steht die Schweizer Krankenschwester Johanna Gabathuler (Dominique Devenport). Sie kehrt nach ihrem Rotkreuz-Einsatz an der Westfront schwanger in die Heimat Davos zur\u00fcck, wo ihre Familie das Kurhaus \u201eCronwald\u201c f\u00fchrt. Neben Patientinnen und Patienten unterschiedlicher Gesellschaftsschichten sind dort auch verm\u00f6gende und einflussreiche G\u00e4ste aus ganz Europa beherbergt. Johanna Gabathuler ger\u00e4t unerwartet zwischen die Fronten der heimlich in Davos operierenden Spioninnen und Spione, die die m\u00e4chtigen Entscheidungstr\u00e4ger bespitzeln. Um ihre uneheliche Tochter zur\u00fcckzugewinnen, l\u00e4sst sie sich auf ein gef\u00e4hrliches Spiel mit dem deutschen Geheimdienst ein \u2013 und wird pl\u00f6tzlich zum entscheidenden Z\u00fcnglein an der Waage.<\/p><p>In den Hauptrollen sind Dominique Devenport, Jeanette Hain und David Kross zu sehen \u2013 in weiteren Rollen spielen u.a. Anna Schinz, Hanspeter M\u00fcller-Drossaart, Welket Bungu\u00e9, Sven Schelker, Sunnyi Melles, Cornelius Obonya u.v.a.<\/p><p>Die Inszenierung haben Jan-Eric Mack (\u201eWilder\u201c), Anca Miruna L\u0103z\u0103rescu (\u201eWir sind die Welle\u201c) und Christian Theede (\u201ePfefferk\u00f6rner\u201c-Kinofilme) \u00fcbernommen. Die Drehb\u00fccher stammen von Headautor Adrian Illien und seinen Ko-Autor:innen Thomas Hess, Julia Penner und Michael Sauter.<\/p><p>DAVOS 1917 ist eine Gemeinschaftsproduktion der CONTRAST FILM (Produzenten: Ivan Madeo, Stefan Eichenberger, Urs Frey) und der LETTERBOX FILMPRODUKTION (Produzent:innen: Andreas Knoblauch, Lisa Arndt; Producer: Jan-Hendrik Holst) in Koproduktion mit der AMALIA FILM (Koproduzent: Felix von Poser), des SRF (Redaktion: Baptiste Planche, Bettina Alber, Gabriella DeGara, Fabienne Andreoli) und der ARD Degeto (Redaktion: Christoph Pellander, Claudia Gr\u00e4ssel, Laura Vella). Executive Producer: Marco Mehlitz. Hinter der Kamera standen Tobias Dengler &amp; Timon Sch\u00e4ppi. Der Weltvertrieb liegt bei Global Screen.<\/p><p>DAVOS 1917 wird gef\u00f6rdert mit Mitteln der Film- und Medienstiftung NRW, des FFF Bayern, der MOIN Filmf\u00f6rderung Hamburg Schleswig-Holstein, der MFG-Filmf\u00f6rderung Baden-W\u00fcrttemberg, der nordmedia \u2013 Film- und Mediengesellschaft Niedersachsen\/Bremen, des German Motion Picture Funds sowie der Z\u00fcrcher Filmstiftung, des Teleproduktions-Fonds, der Gemeinde Davos, des Kantons Graub\u00fcnden, des Kantons Zug, des Media Desk Suisse (Bundesamt f\u00fcr Kultur) und der Regiun Engiadina Bassa\/Val M\u00fcstair.<\/p>\",\r\n      \"align\": \"top\",\r\n      \"row\": 2,\r\n      \"col\": 5,\r\n      \"colspan\": 9,\r\n      \"offsetx\": 0,\r\n      \"offsety\": 0,\r\n      \"spaceabove\": 3,\r\n      \"spacebelow\": 5,\r\n      \"yvel\": 1,\r\n      \"push\": 5,\r\n      \"relid\": 4,\r\n      \"absolute_position\": false,\r\n      \"dosync\": false\r\n    }\r\n  ]\r\n}","phonegrid":"{\r\n  \"colCount\": 12,\r\n  \"colGutter\": 1,\r\n  \"rowGutters\": [\r\n    0,\r\n    0\r\n  ],\r\n  \"frameMargin\": 5,\r\n  \"topFrameMargin\": 5,\r\n  \"bottomFrameMargin\": 5,\r\n  \"rowAttrs\": [\r\n    [],\r\n    [],\r\n    []\r\n  ],\r\n  \"bgColor\": null,\r\n  \"cont\": [\r\n    {\r\n      \"type\": \"text\",\r\n      \"cont\": \"<h1 class=\\\"_News_Thumb_HL\\\" style=\\\"text-align: right;\\\"><a href=\\\"https:\/\/amalia-film.de\/en\/category\/news\/news-archiv\\\">&lt; News Archive<\/a><\/h1>\",\r\n      \"align\": \"bottom\",\r\n      \"row\": 0,\r\n      \"col\": 0,\r\n      \"colspan\": 12,\r\n      \"offsetx\": 0,\r\n      \"offsety\": 0,\r\n      \"spaceabove\": 15,\r\n      \"spacebelow\": 0,\r\n      \"yvel\": 1,\r\n      \"push\": 0,\r\n      \"relid\": 210,\r\n      \"frameOverflow\": \"\",\r\n      \"absolute_position\": false\r\n    },\r\n    {\r\n      \"type\": \"img\",\r\n      \"cont\": \"\/wp-content\/uploads\/2023\/09\/DAVOS-Zurich-Amalia-e1695032302979.jpg\",\r\n      \"align\": \"twothirds\",\r\n      \"row\": 1,\r\n      \"col\": 0,\r\n      \"colspan\": 12,\r\n      \"offsetx\": 0,\r\n      \"offsety\": 0,\r\n      \"spaceabove\": 0,\r\n      \"spacebelow\": 0,\r\n      \"yvel\": 1,\r\n      \"push\": 0,\r\n      \"relid\": 402,\r\n      \"attid\": 792,\r\n      \"sizes\": {\r\n        \"full\": \"\/wp-content\/uploads\/2023\/09\/DAVOS-Zurich-Amalia-e1695032302979.jpg\",\r\n        \"_1920\": \"\/wp-content\/uploads\/2023\/09\/DAVOS-Zurich-Amalia-1920x1920.jpg\",\r\n        \"_1280\": \"\/wp-content\/uploads\/2023\/09\/DAVOS-Zurich-Amalia-1280x1280.jpg\",\r\n        \"_1024\": \"\/wp-content\/uploads\/2023\/09\/DAVOS-Zurich-Amalia-e1695032302979-1024x726.jpg\",\r\n        \"_768\": \"\/wp-content\/uploads\/2023\/09\/DAVOS-Zurich-Amalia-e1695032302979-768x545.jpg\",\r\n        \"_512\": \"\/wp-content\/uploads\/2023\/09\/DAVOS-Zurich-Amalia-e1695032302979-512x363.jpg\",\r\n        \"_265\": \"\/wp-content\/uploads\/2023\/09\/DAVOS-Zurich-Amalia-e1695032302979-265x188.jpg\"\r\n      },\r\n      \"w\": 1080,\r\n      \"h\": 766,\r\n      \"ar\": 0.7092592592592593,\r\n      \"alt\": \"\",\r\n      \"absolute_position\": false,\r\n      \"frameOverflow\": \"\"\r\n    },\r\n    {\r\n      \"type\": \"text\",\r\n      \"cont\": \"<h1 class=\\\"_Section\\\"><strong>DAVOS 1917 f\u00fcr den <\/strong><em><strong>Swiss Series Storytelling Award<\/strong><\/em><strong> nominiert<\/strong><\/h1><p>Hamburg\/Genf, 27. September 2024 \u2013 Wie gestern bekannt gegeben wurde, ist die historische High-End-Dramaserie DAVOS 1917 f\u00fcr den das erste Mal verliehenen <em>Swiss Series Storytelling Award<\/em> des 30. Geneva International Film Festival (GIFF, 1.-11. November 2024) nominiert worden. Diese neue Auszeichnung w\u00fcrdigt die kreative Gestaltung einer Serienwelt in einem Drehbuch. Somit gehen f\u00fcr DAVOS 1917 die Autoren Adrien Illien (Headautor), Thomas Hess sowie Michael Sauter ins Rennen um diesen besonderen Preis.<\/p><p>Die Gewinner:innen werden am 8. November im Rahmen einer feierlichen Abendveranstaltung in Genf verk\u00fcndet und erhalten ein Preisgeld von CHF 20.000, das von den Kulturfonds SSA und Suissimage gestiftet wird. Die Auszeichnung wird von einer internationalen Jury vergeben, bestehend aus Mirela Nastase (Managerin Drama, ZDF Studios, Deutschland), Brice Mondoloni (Leiter Serienredaktion, CANAL+, Frankreich) und Tanguy Dekeyser (Leiter Koproduktionen Kino und Serien, RTBF, Belgien).<\/p><p>Zum Inhalt:<br \/>Die historische Spionage-Serie DAVOS 1917 r\u00fcckt den Luftkurort ins Epizentrum: Die Serie erz\u00e4hlt, inspiriert von wahren Begebenheiten, die fiktive Geschichte einer au\u00dfergew\u00f6hnlichen Frau inmitten einer patriarchalen Welt, die sich zu einer bedeutenden Akteurin im Spionage-Geflecht entwickelt. Im Fokus steht die Schweizer Krankenschwester Johanna Gabathuler (Dominique Devenport). Sie kehrt nach ihrem Rotkreuz-Einsatz an der Westfront schwanger in die Heimat Davos zur\u00fcck, wo ihre Familie das Kurhaus \u201eCronwald\u201c f\u00fchrt. Neben Patientinnen und Patienten unterschiedlicher Gesellschaftsschichten sind dort auch verm\u00f6gende und einflussreiche G\u00e4ste aus ganz Europa beherbergt. Johanna Gabathuler ger\u00e4t unerwartet zwischen die Fronten der heimlich in Davos operierenden Spioninnen und Spione, die die m\u00e4chtigen Entscheidungstr\u00e4ger bespitzeln. Um ihre uneheliche Tochter zur\u00fcckzugewinnen, l\u00e4sst sie sich auf ein gef\u00e4hrliches Spiel mit dem deutschen Geheimdienst ein \u2013 und wird pl\u00f6tzlich zum entscheidenden Z\u00fcnglein an der Waage.<\/p><p>In den Hauptrollen sind Dominique Devenport, Jeanette Hain und David Kross zu sehen \u2013 in weiteren Rollen spielen u.a. Anna Schinz, Hanspeter M\u00fcller-Drossaart, Welket Bungu\u00e9, Sven Schelker, Sunnyi Melles, Cornelius Obonya u.v.a.<\/p><p>Die Inszenierung haben Jan-Eric Mack (\u201eWilder\u201c), Anca Miruna L\u0103z\u0103rescu (\u201eWir sind die Welle\u201c) und Christian Theede (\u201ePfefferk\u00f6rner\u201c-Kinofilme) \u00fcbernommen. Die Drehb\u00fccher stammen von Headautor Adrian Illien und seinen Ko-Autor:innen Thomas Hess, Julia Penner und Michael Sauter.<\/p><p>DAVOS 1917 ist eine Gemeinschaftsproduktion der CONTRAST FILM (Produzenten: Ivan Madeo, Stefan Eichenberger, Urs Frey) und der LETTERBOX FILMPRODUKTION (Produzent:innen: Andreas Knoblauch, Lisa Arndt; Producer: Jan-Hendrik Holst) in Koproduktion mit der AMALIA FILM (Koproduzent: Felix von Poser), des SRF (Redaktion: Baptiste Planche, Bettina Alber, Gabriella DeGara, Fabienne Andreoli) und der ARD Degeto (Redaktion: Christoph Pellander, Claudia Gr\u00e4ssel, Laura Vella). Executive Producer: Marco Mehlitz. Hinter der Kamera standen Tobias Dengler &amp; Timon Sch\u00e4ppi. Der Weltvertrieb liegt bei Global Screen.<\/p><p>DAVOS 1917 wird gef\u00f6rdert mit Mitteln der Film- und Medienstiftung NRW, des FFF Bayern, der MOIN Filmf\u00f6rderung Hamburg Schleswig-Holstein, der MFG-Filmf\u00f6rderung Baden-W\u00fcrttemberg, der nordmedia \u2013 Film- und Mediengesellschaft Niedersachsen\/Bremen, des German Motion Picture Funds sowie der Z\u00fcrcher Filmstiftung, des Teleproduktions-Fonds, der Gemeinde Davos, des Kantons Graub\u00fcnden, des Kantons Zug, des Media Desk Suisse (Bundesamt f\u00fcr Kultur) und der Regiun Engiadina Bassa\/Val M\u00fcstair.<\/p>\",\r\n      \"align\": \"bottom\",\r\n      \"row\": 2,\r\n      \"col\": 0,\r\n      \"colspan\": 12,\r\n      \"offsetx\": 0,\r\n      \"offsety\": 0,\r\n      \"spaceabove\": 10,\r\n      \"spacebelow\": 5,\r\n      \"yvel\": 1,\r\n      \"push\": 0,\r\n      \"relid\": 4,\r\n      \"frameOverflow\": \"\",\r\n      \"absolute_position\": false,\r\n      \"dosync\": false\r\n    }\r\n  ]\r\n}","_links":{"self":[{"href":"https:\/\/amalia-film.de\/en\/wp-json\/wp\/v2\/posts\/839","targetHints":{"allow":["GET"]}}],"collection":[{"href":"https:\/\/amalia-film.de\/en\/wp-json\/wp\/v2\/posts"}],"about":[{"href":"https:\/\/amalia-film.de\/en\/wp-json\/wp\/v2\/types\/post"}],"author":[{"embeddable":true,"href":"https:\/\/amalia-film.de\/en\/wp-json\/wp\/v2\/users\/3"}],"replies":[{"embeddable":true,"href":"https:\/\/amalia-film.de\/en\/wp-json\/wp\/v2\/comments?post=839"}],"version-history":[{"count":0,"href":"https:\/\/amalia-film.de\/en\/wp-json\/wp\/v2\/posts\/839\/revisions"}],"wp:featuredmedia":[{"embeddable":true,"href":"https:\/\/amalia-film.de\/en\/wp-json\/wp\/v2\/media\/792"}],"wp:attachment":[{"href":"https:\/\/amalia-film.de\/en\/wp-json\/wp\/v2\/media?parent=839"}],"wp:term":[{"taxonomy":"category","embeddable":true,"href":"https:\/\/amalia-film.de\/en\/wp-json\/wp\/v2\/categories?post=839"},{"taxonomy":"post_tag","embeddable":true,"href":"https:\/\/amalia-film.de\/en\/wp-json\/wp\/v2\/tags?post=839"}],"curies":[{"name":"wp","href":"https:\/\/api.w.org\/{rel}","templated":true}]}}