{"id":840,"date":"2025-03-22T12:16:32","date_gmt":"2025-03-22T12:16:32","guid":{"rendered":"https:\/\/amalia-film.de\/landesverraeter-weltpremiere-copy\/"},"modified":"2026-04-21T13:50:20","modified_gmt":"2026-04-21T13:50:20","slug":"schweizerfilmpreis-dimitrikrebs","status":"publish","type":"post","link":"https:\/\/amalia-film.de\/en\/schweizerfilmpreis-dimitrikrebs\/","title":{"rendered":"Weltpremiere f\u00fcr historischen Kinofilm &#8220;Landesverr\u00e4ter&#8221; Copy"},"content":{"rendered":"","protected":false},"excerpt":{"rendered":"","protected":false},"author":3,"featured_media":841,"comment_status":"closed","ping_status":"closed","sticky":false,"template":"","format":"standard","meta":[],"categories":[8],"tags":[],"class_list":["post-840","post","type-post","status-publish","has-post-thumbnail","hentry","category-news-archiv"],"grid":"{\r\n  \"colCount\": 19,\r\n  \"colGutter\": 1,\r\n  \"rowGutters\": [\r\n    0,\r\n    0\r\n  ],\r\n  \"frameMargin\": 5,\r\n  \"topFrameMargin\": 5,\r\n  \"bottomFrameMargin\": 5,\r\n  \"rowAttrs\": [\r\n    {\r\n      \"relid\": 5\r\n    },\r\n    {\r\n      \"relid\": 6\r\n    },\r\n    {\r\n      \"relid\": 7\r\n    }\r\n  ],\r\n  \"bgColor\": null,\r\n  \"cont\": [\r\n    {\r\n      \"type\": \"text\",\r\n      \"cont\": \"<h1 class=\\\"_News_Thumb_HL\\\" style=\\\"text-align: right;\\\"><a href=\\\"https:\/\/amalia-film.de\/en\/category\/news\/news-archiv\\\">&lt; News Archive<\/a><\/h1>\",\r\n      \"align\": \"top\",\r\n      \"row\": 0,\r\n      \"col\": 5,\r\n      \"colspan\": 9,\r\n      \"offsetx\": 0,\r\n      \"offsety\": 0,\r\n      \"spaceabove\": 3,\r\n      \"spacebelow\": 0,\r\n      \"yvel\": 1,\r\n      \"push\": 5,\r\n      \"relid\": 210,\r\n      \"frameOverflow\": \"\",\r\n      \"absolute_position\": false\r\n    },\r\n    {\r\n      \"type\": \"img\",\r\n      \"cont\": \"\/wp-content\/uploads\/2025\/03\/Dimi_Schweizer-FIlmpres.jpg\",\r\n      \"align\": \"middle\",\r\n      \"row\": 1,\r\n      \"col\": 7,\r\n      \"colspan\": 5,\r\n      \"offsetx\": 0,\r\n      \"offsety\": 0,\r\n      \"spaceabove\": 0,\r\n      \"spacebelow\": 0,\r\n      \"yvel\": 1,\r\n      \"push\": 7,\r\n      \"relid\": 8,\r\n      \"attid\": 841,\r\n      \"sizes\": {\r\n        \"full\": \"\/wp-content\/uploads\/2025\/03\/Dimi_Schweizer-FIlmpres.jpg\",\r\n        \"_1280\": \"\/wp-content\/uploads\/2025\/03\/Dimi_Schweizer-FIlmpres-1280x720.jpg\",\r\n        \"_1024\": \"\/wp-content\/uploads\/2025\/03\/Dimi_Schweizer-FIlmpres-1024x576.jpg\",\r\n        \"_768\": \"\/wp-content\/uploads\/2025\/03\/Dimi_Schweizer-FIlmpres-768x432.jpg\",\r\n        \"_512\": \"\/wp-content\/uploads\/2025\/03\/Dimi_Schweizer-FIlmpres-512x288.jpg\",\r\n        \"_265\": \"\/wp-content\/uploads\/2025\/03\/Dimi_Schweizer-FIlmpres-265x149.jpg\"\r\n      },\r\n      \"w\": 1440,\r\n      \"h\": 810,\r\n      \"ar\": 0.5625,\r\n      \"alt\": \"\",\r\n      \"absolute_position\": false,\r\n      \"frameOverflow\": \"\"\r\n    },\r\n    {\r\n      \"type\": \"text\",\r\n      \"cont\": \"<h1 class=\\\"_Section\\\"><strong>Schweizer Filmpreis f\u00fcr Dimitri Krebs als \\\"Bester Darsteller\\\" in LANDESVERR\u00c4TER\u00a0\u00a0<\/strong><\/h1><p>Hamburg\/Z\u00fcrich, 22. M\u00e4rz 2025 \u2013 Newcomer Dimitri Krebs ist heute Abend in Genf mit dem Schweizer Filmpreis als \u201eBester Darsteller\u201c f\u00fcr seine darstellerische Leistung in dem historischen Kinofilm LANDESVERR\u00c4TER ausgezeichnet worden. Der Schweizer Filmpreis w\u00fcrdigt j\u00e4hrlich die herausragendsten Schweizer Filme sowie die wichtigsten Protagonist:innen des schweizerischen Filmschaffens. LANDESVERR\u00c4TER ist eine schweizerisch-deutsche Produktion der CONTRAST FILM, der AMALIA Film und der LETTERBOX FILMPRODUKTION, in Koproduktion mit dem Schweizer Radio und Fernsehen SRF, der SRG SSR, dem ZDF, ARTE und blue Entertainment, und feierte im vergangenen Jahr auf dem Zurich Film Festival seine Welturauff\u00fchrung. F\u00fcr die Regie zeichnet Michael Krummenacher verantwortlich.\u00a0<\/p><p>Zum Inhalt:\u00a0<br \/>Erz\u00e4hlt wird das auf wahren Begebenheiten basierende Schicksal eines jungen Tagtr\u00e4umers aus der Schweizer Provinz, der w\u00e4hrend des Zweiten Weltkrieges ausgenutzt und verraten wird. In der Hoffnung, in Deutschland ein gro\u00dfer S\u00e4nger zu werden, verkauft Ernst Schr\u00e4mli einem manipulativen deutschen Spion Schweizer Milit\u00e4rinformationen. Als sein Vergehen auffliegt, wird Ernst in einem fragw\u00fcrdigen Prozess wegen Spionage und Landesverrat zum Tode verurteilt \u2013 damit die Eidgenossenschaft in einer heiklen Kriegssituation ein sichtbares Zeichen der Neutralit\u00e4t setzen kann. Ernst Schr\u00e4mli war der erste von 17 Landesverr\u00e4tern in der Schweizer Geschichte, dessen Hinrichtung vollstreckt wurde.\u00a0\u00a0<\/p><p>Die Hauptrollen in diesem historischen Spielfilm \u00fcbernahmen Dimitri Krebs, Fabian Hinrichs, Luna Wedler und Stefan Gubser \u2013 in weiteren Rollen spielen u.a. Ernst C. Sigrist, Flurin Giger, Sina Martens, Robert Hunger-B\u00fchler u.v.a.\u00a0<\/p><p>LANDESVERR\u00c4TER ist eine Produktion der CONTRAST FILM (Produzenten Ivan Madeo, Stefan Eichenberger, Urs Frey), der AMALIA Film (Produzent Felix von Poser) und der LETTERBOX FILMPRODUKTION (Produzent Michael Lehmann,) in Koproduktion mit Gretchenfilm (Annegret Weitk\u00e4mper-Krug), memox Film Production (Roman Droux), B.A. Filmproduktion (Josef Reidinger) sowie dem SRF Schweizer Radio und Fernsehen (Redaktion: Thomas L\u00fcthi), der SRG SSR (Sven W\u00e4lti, Gregory Catella), dem ZDF (Redaktion: Daniel Blum), ARTE G.E.I.E. (Eric Morfaux) und blue Entertainment (Patrick Gantner, Dr. Malte Probst). Das Drehbuch stammt von Michael Krummenacher und Silvia Wolkan. Hinter der Kamera stand Michael Saxer.\u00a0\u00a0<\/p><p>Gef\u00f6rdert u.a. mit Mitteln des Bundesamts f\u00fcr Kultur, der Z\u00fcrcher Filmstiftung, des Kantons St. Gallen, des Kantons Schwyz, des Kantons Glarus, von Suissimage, MEDIA Desk Suisse, der SSA, FOCAL Stage Pool, der Fondation Suisa, des FFF Bayern und des Deutschen Filmf\u00f6rderfonds DFFF. Schweizer Verleih: Ascot Elite Entertainment Group.\u00a0<\/p><p>Schweizer Verleih: Ascot Elite Entertainment Group.\u00a0<\/p>\",\r\n      \"align\": \"top\",\r\n      \"row\": 2,\r\n      \"col\": 5,\r\n      \"colspan\": 9,\r\n      \"offsetx\": 0,\r\n      \"offsety\": 0,\r\n      \"spaceabove\": 3,\r\n      \"spacebelow\": 5,\r\n      \"yvel\": 1,\r\n      \"push\": 5,\r\n      \"relid\": 4,\r\n      \"absolute_position\": false,\r\n      \"dosync\": false\r\n    }\r\n  ]\r\n}","phonegrid":"{\r\n  \"colCount\": 12,\r\n  \"colGutter\": 1,\r\n  \"rowGutters\": [\r\n    0,\r\n    0\r\n  ],\r\n  \"frameMargin\": 5,\r\n  \"topFrameMargin\": 5,\r\n  \"bottomFrameMargin\": 5,\r\n  \"rowAttrs\": [\r\n    [],\r\n    [],\r\n    []\r\n  ],\r\n  \"bgColor\": null,\r\n  \"cont\": [\r\n    {\r\n      \"type\": \"text\",\r\n      \"cont\": \"<h1 class=\\\"_News_Thumb_HL\\\" style=\\\"text-align: right;\\\"><a href=\\\"https:\/\/amalia-film.de\/en\/category\/news\/news-archiv\\\">&lt; News Archive<\/a><\/h1>\",\r\n      \"align\": \"bottom\",\r\n      \"row\": 0,\r\n      \"col\": 0,\r\n      \"colspan\": 12,\r\n      \"offsetx\": 0,\r\n      \"offsety\": 0,\r\n      \"spaceabove\": 15,\r\n      \"spacebelow\": 0,\r\n      \"yvel\": 1,\r\n      \"push\": 0,\r\n      \"relid\": 210,\r\n      \"frameOverflow\": \"\",\r\n      \"absolute_position\": false\r\n    },\r\n    {\r\n      \"type\": \"img\",\r\n      \"cont\": \"\/wp-content\/uploads\/2025\/03\/Dimi_Schweizer-FIlmpres.jpg\",\r\n      \"align\": \"top\",\r\n      \"row\": 1,\r\n      \"col\": 5,\r\n      \"colspan\": 2,\r\n      \"offsetx\": 0,\r\n      \"offsety\": 0,\r\n      \"spaceabove\": 0,\r\n      \"spacebelow\": 0,\r\n      \"yvel\": 1,\r\n      \"push\": 5,\r\n      \"relid\": 8,\r\n      \"attid\": 841,\r\n      \"sizes\": {\r\n        \"full\": \"\/wp-content\/uploads\/2025\/03\/Dimi_Schweizer-FIlmpres.jpg\",\r\n        \"_1280\": \"\/wp-content\/uploads\/2025\/03\/Dimi_Schweizer-FIlmpres-1280x720.jpg\",\r\n        \"_1024\": \"\/wp-content\/uploads\/2025\/03\/Dimi_Schweizer-FIlmpres-1024x576.jpg\",\r\n        \"_768\": \"\/wp-content\/uploads\/2025\/03\/Dimi_Schweizer-FIlmpres-768x432.jpg\",\r\n        \"_512\": \"\/wp-content\/uploads\/2025\/03\/Dimi_Schweizer-FIlmpres-512x288.jpg\",\r\n        \"_265\": \"\/wp-content\/uploads\/2025\/03\/Dimi_Schweizer-FIlmpres-265x149.jpg\"\r\n      },\r\n      \"w\": 1440,\r\n      \"h\": 810,\r\n      \"ar\": 0.5625,\r\n      \"alt\": \"\",\r\n      \"absolute_position\": false\r\n    },\r\n    {\r\n      \"type\": \"text\",\r\n      \"cont\": \"<h1 class=\\\"_Section\\\"><strong>Schweizer Filmpreis f\u00fcr Dimitri Krebs als \\\"Bester Darsteller\\\" in LANDESVERR\u00c4TER\u00a0\u00a0<\/strong><\/h1><p>Hamburg\/Z\u00fcrich, 22. M\u00e4rz 2025 \u2013 Newcomer Dimitri Krebs ist heute Abend in Genf mit dem Schweizer Filmpreis als \u201eBester Darsteller\u201c f\u00fcr seine darstellerische Leistung in dem historischen Kinofilm LANDESVERR\u00c4TER ausgezeichnet worden. Der Schweizer Filmpreis w\u00fcrdigt j\u00e4hrlich die herausragendsten Schweizer Filme sowie die wichtigsten Protagonist:innen des schweizerischen Filmschaffens. LANDESVERR\u00c4TER ist eine schweizerisch-deutsche Produktion der CONTRAST FILM, der AMALIA Film und der LETTERBOX FILMPRODUKTION, in Koproduktion mit dem Schweizer Radio und Fernsehen SRF, der SRG SSR, dem ZDF, ARTE und blue Entertainment, und feierte im vergangenen Jahr auf dem Zurich Film Festival seine Welturauff\u00fchrung. F\u00fcr die Regie zeichnet Michael Krummenacher verantwortlich.\u00a0<\/p><p>Zum Inhalt:\u00a0<br \/>Erz\u00e4hlt wird das auf wahren Begebenheiten basierende Schicksal eines jungen Tagtr\u00e4umers aus der Schweizer Provinz, der w\u00e4hrend des Zweiten Weltkrieges ausgenutzt und verraten wird. In der Hoffnung, in Deutschland ein gro\u00dfer S\u00e4nger zu werden, verkauft Ernst Schr\u00e4mli einem manipulativen deutschen Spion Schweizer Milit\u00e4rinformationen. Als sein Vergehen auffliegt, wird Ernst in einem fragw\u00fcrdigen Prozess wegen Spionage und Landesverrat zum Tode verurteilt \u2013 damit die Eidgenossenschaft in einer heiklen Kriegssituation ein sichtbares Zeichen der Neutralit\u00e4t setzen kann. Ernst Schr\u00e4mli war der erste von 17 Landesverr\u00e4tern in der Schweizer Geschichte, dessen Hinrichtung vollstreckt wurde.\u00a0\u00a0<\/p><p>Die Hauptrollen in diesem historischen Spielfilm \u00fcbernahmen Dimitri Krebs, Fabian Hinrichs, Luna Wedler und Stefan Gubser \u2013 in weiteren Rollen spielen u.a. Ernst C. Sigrist, Flurin Giger, Sina Martens, Robert Hunger-B\u00fchler u.v.a.\u00a0<\/p><p>LANDESVERR\u00c4TER ist eine Produktion der CONTRAST FILM (Produzenten Ivan Madeo, Stefan Eichenberger, Urs Frey), der AMALIA Film (Produzent Felix von Poser) und der LETTERBOX FILMPRODUKTION (Produzent Michael Lehmann,) in Koproduktion mit Gretchenfilm (Annegret Weitk\u00e4mper-Krug), memox Film Production (Roman Droux), B.A. Filmproduktion (Josef Reidinger) sowie dem SRF Schweizer Radio und Fernsehen (Redaktion: Thomas L\u00fcthi), der SRG SSR (Sven W\u00e4lti, Gregory Catella), dem ZDF (Redaktion: Daniel Blum), ARTE G.E.I.E. (Eric Morfaux) und blue Entertainment (Patrick Gantner, Dr. Malte Probst). Das Drehbuch stammt von Michael Krummenacher und Silvia Wolkan. Hinter der Kamera stand Michael Saxer.\u00a0\u00a0<\/p><p>Gef\u00f6rdert u.a. mit Mitteln des Bundesamts f\u00fcr Kultur, der Z\u00fcrcher Filmstiftung, des Kantons St. Gallen, des Kantons Schwyz, des Kantons Glarus, von Suissimage, MEDIA Desk Suisse, der SSA, FOCAL Stage Pool, der Fondation Suisa, des FFF Bayern und des Deutschen Filmf\u00f6rderfonds DFFF. Schweizer Verleih: Ascot Elite Entertainment Group.\u00a0<\/p><p>Schweizer Verleih: Ascot Elite Entertainment Group.\u00a0<\/p>\",\r\n      \"align\": \"bottom\",\r\n      \"row\": 2,\r\n      \"col\": 0,\r\n      \"colspan\": 12,\r\n      \"offsetx\": 0,\r\n      \"offsety\": 0,\r\n      \"spaceabove\": 10,\r\n      \"spacebelow\": 5,\r\n      \"yvel\": 1,\r\n      \"push\": 0,\r\n      \"relid\": 4,\r\n      \"frameOverflow\": \"\",\r\n      \"absolute_position\": false,\r\n      \"dosync\": false\r\n    }\r\n  ]\r\n}","_links":{"self":[{"href":"https:\/\/amalia-film.de\/en\/wp-json\/wp\/v2\/posts\/840","targetHints":{"allow":["GET"]}}],"collection":[{"href":"https:\/\/amalia-film.de\/en\/wp-json\/wp\/v2\/posts"}],"about":[{"href":"https:\/\/amalia-film.de\/en\/wp-json\/wp\/v2\/types\/post"}],"author":[{"embeddable":true,"href":"https:\/\/amalia-film.de\/en\/wp-json\/wp\/v2\/users\/3"}],"replies":[{"embeddable":true,"href":"https:\/\/amalia-film.de\/en\/wp-json\/wp\/v2\/comments?post=840"}],"version-history":[{"count":0,"href":"https:\/\/amalia-film.de\/en\/wp-json\/wp\/v2\/posts\/840\/revisions"}],"wp:featuredmedia":[{"embeddable":true,"href":"https:\/\/amalia-film.de\/en\/wp-json\/wp\/v2\/media\/841"}],"wp:attachment":[{"href":"https:\/\/amalia-film.de\/en\/wp-json\/wp\/v2\/media?parent=840"}],"wp:term":[{"taxonomy":"category","embeddable":true,"href":"https:\/\/amalia-film.de\/en\/wp-json\/wp\/v2\/categories?post=840"},{"taxonomy":"post_tag","embeddable":true,"href":"https:\/\/amalia-film.de\/en\/wp-json\/wp\/v2\/tags?post=840"}],"curies":[{"name":"wp","href":"https:\/\/api.w.org\/{rel}","templated":true}]}}